{"id":2823,"date":"2023-04-10T02:08:05","date_gmt":"2023-04-10T02:08:05","guid":{"rendered":"https:\/\/consolidar.co\/?p=2823"},"modified":"2023-04-10T02:08:06","modified_gmt":"2023-04-10T02:08:06","slug":"habilidades-de-liderazgo-y-gestion-comunal-ante-el-covid-19","status":"publish","type":"post","link":"https:\/\/consolidar.co\/index.php\/2023\/04\/10\/habilidades-de-liderazgo-y-gestion-comunal-ante-el-covid-19\/","title":{"rendered":"Habilidades de liderazgo y gesti\u00f3n comunal ante el COVID-19"},"content":{"rendered":"\n<div style=\"height:100px\" aria-hidden=\"true\" class=\"wp-block-spacer\"><\/div>\n\n\n\n<p>CONTEXTO<\/p>\n\n\n\n<div style=\"height:100px\" aria-hidden=\"true\" class=\"wp-block-spacer\"><\/div>\n\n\n\n<p class=\"has-ast-global-color-1-color has-text-color has-x-large-font-size\"><strong>Habilidades de liderazgo y gesti\u00f3n comunal ante el COVID-19<\/strong><\/p>\n\n\n\n<div style=\"height:100px\" aria-hidden=\"true\" class=\"wp-block-spacer\"><\/div>\n\n\n\n<p>A trav\u00e9s de la resoluci\u00f3n 0337 del 12 de marzo de 2021, el Ministerio del Interior decidi\u00f3 \u201csuspender las elecciones de directivos y dignatarios de los organismos de acci\u00f3n comunal, hasta tanto se supere la situaci\u00f3n de emergencia sanitaria\u201d. Esto implica que los l\u00edderes que fueron elegidos en el a\u00f1o 2016 deben continuar en el ejercicio de sus funciones. Es por ello que la Corporaci\u00f3n Consolidar quiere compartir con los dignatarios esta gu\u00eda sencilla con algunos tips para su ejercicio en tiempos de pandemia.<\/p>\n\n\n\n<div style=\"height:100px\" aria-hidden=\"true\" class=\"wp-block-spacer\"><\/div>\n\n\n\n<figure class=\"wp-block-video\"><video height=\"768\" style=\"aspect-ratio: 1024 \/ 768;\" width=\"1024\" controls poster=\"https:\/\/consolidar.co\/wp-content\/uploads\/2023\/04\/PORTADA-VIDEO-COVID.png\" src=\"https:\/\/consolidar.co\/wp-content\/uploads\/2023\/04\/GuaJACCOVID19.mp4\"><\/video><\/figure>\n\n\n\n<div style=\"height:100px\" aria-hidden=\"true\" class=\"wp-block-spacer\"><\/div>\n","protected":false},"excerpt":{"rendered":"<p>CONTEXTO Habilidades de liderazgo y gesti\u00f3n comunal ante el COVID-19 A trav\u00e9s de la resoluci\u00f3n 0337 del 12 de marzo de 2021, el Ministerio del Interior decidi\u00f3 \u201csuspender las elecciones de directivos y dignatarios de los organismos de acci\u00f3n comunal, hasta tanto se supere la situaci\u00f3n de emergencia sanitaria\u201d. Esto implica que los l\u00edderes que &hellip;<\/p>\n<p class=\"read-more\"> <a class=\"\" href=\"https:\/\/consolidar.co\/index.php\/2023\/04\/10\/habilidades-de-liderazgo-y-gestion-comunal-ante-el-covid-19\/\"> <span class=\"screen-reader-text\">Habilidades de liderazgo y gesti\u00f3n comunal ante el COVID-19<\/span> Leer m\u00e1s \u00bb<\/a><\/p>\n","protected":false},"author":1,"featured_media":2825,"comment_status":"open","ping_status":"open","sticky":false,"template":"","format":"standard","meta":{"site-sidebar-layout":"no-sidebar","site-content-layout":"plain-container","ast-global-header-display":"","ast-main-header-display":"","ast-hfb-above-header-display":"","ast-hfb-below-header-display":"","ast-hfb-mobile-header-display":"","site-post-title":"disabled","ast-breadcrumbs-content":"","ast-featured-img":"disabled","footer-sml-layout":"","theme-transparent-header-meta":"","adv-header-id-meta":"","stick-header-meta":"","header-above-stick-meta":"","header-main-stick-meta":"","header-below-stick-meta":"","_joinchat":[],"footnotes":""},"categories":[27],"tags":[],"class_list":["post-2823","post","type-post","status-publish","format-standard","has-post-thumbnail","hentry","category-contexto"],"yoast_head":"<!-- This site is optimized with the Yoast SEO plugin v20.4 - https:\/\/yoast.com\/wordpress\/plugins\/seo\/ -->\n<title>Habilidades de liderazgo y gesti\u00f3n comunal ante el COVID-19 - Corporaci\u00f3n Consolidar<\/title>\n<meta name=\"robots\" content=\"index, follow, max-snippet:-1, max-image-preview:large, max-video-preview:-1\" \/>\n<link rel=\"canonical\" href=\"https:\/\/consolidar.co\/index.php\/2023\/04\/10\/habilidades-de-liderazgo-y-gestion-comunal-ante-el-covid-19\/\" \/>\n<meta property=\"og:locale\" content=\"es_ES\" \/>\n<meta property=\"og:type\" content=\"article\" \/>\n<meta property=\"og:title\" content=\"Habilidades de liderazgo y gesti\u00f3n comunal ante el COVID-19 - Corporaci\u00f3n Consolidar\" \/>\n<meta property=\"og:description\" content=\"CONTEXTO Habilidades de liderazgo y gesti\u00f3n comunal ante el COVID-19 A trav\u00e9s de la resoluci\u00f3n 0337 del 12 de marzo de 2021, el Ministerio del Interior decidi\u00f3 \u201csuspender las elecciones de directivos y dignatarios de los organismos de acci\u00f3n comunal, hasta tanto se supere la situaci\u00f3n de emergencia sanitaria\u201d. Esto implica que los l\u00edderes que &hellip; Habilidades de liderazgo y gesti\u00f3n comunal ante el COVID-19 Leer m\u00e1s \u00bb\" \/>\n<meta property=\"og:url\" content=\"https:\/\/consolidar.co\/index.php\/2023\/04\/10\/habilidades-de-liderazgo-y-gestion-comunal-ante-el-covid-19\/\" \/>\n<meta property=\"og:site_name\" content=\"Corporaci\u00f3n Consolidar\" \/>\n<meta property=\"article:published_time\" content=\"2023-04-10T02:08:05+00:00\" \/>\n<meta property=\"article:modified_time\" content=\"2023-04-10T02:08:06+00:00\" \/>\n<meta property=\"og:image\" content=\"https:\/\/consolidar.co\/wp-content\/uploads\/2023\/04\/PORTADA-VIDEO-COVID.png\" \/>\n\t<meta property=\"og:image:width\" content=\"1366\" \/>\n\t<meta property=\"og:image:height\" content=\"768\" \/>\n\t<meta property=\"og:image:type\" content=\"image\/png\" \/>\n<meta name=\"author\" content=\"admin\" \/>\n<meta name=\"twitter:card\" content=\"summary_large_image\" \/>\n<meta name=\"twitter:label1\" content=\"Escrito por\" \/>\n\t<meta name=\"twitter:data1\" content=\"admin\" \/>\n\t<meta name=\"twitter:label2\" content=\"Tiempo de lectura\" \/>\n\t<meta name=\"twitter:data2\" content=\"1 minuto\" \/>\n<script type=\"application\/ld+json\" class=\"yoast-schema-graph\">{\"@context\":\"https:\/\/schema.org\",\"@graph\":[{\"@type\":\"Article\",\"@id\":\"https:\/\/consolidar.co\/index.php\/2023\/04\/10\/habilidades-de-liderazgo-y-gestion-comunal-ante-el-covid-19\/#article\",\"isPartOf\":{\"@id\":\"https:\/\/consolidar.co\/index.php\/2023\/04\/10\/habilidades-de-liderazgo-y-gestion-comunal-ante-el-covid-19\/\"},\"author\":{\"name\":\"admin\",\"@id\":\"https:\/\/consolidar.co\/#\/schema\/person\/0f3f57ed3ee49346098106e3054b3697\"},\"headline\":\"Habilidades de liderazgo y gesti\u00f3n comunal ante el COVID-19\",\"datePublished\":\"2023-04-10T02:08:05+00:00\",\"dateModified\":\"2023-04-10T02:08:06+00:00\",\"mainEntityOfPage\":{\"@id\":\"https:\/\/consolidar.co\/index.php\/2023\/04\/10\/habilidades-de-liderazgo-y-gestion-comunal-ante-el-covid-19\/\"},\"wordCount\":109,\"commentCount\":0,\"publisher\":{\"@id\":\"https:\/\/consolidar.co\/#organization\"},\"articleSection\":[\"Contexto\"],\"inLanguage\":\"es\",\"potentialAction\":[{\"@type\":\"CommentAction\",\"name\":\"Comment\",\"target\":[\"https:\/\/consolidar.co\/index.php\/2023\/04\/10\/habilidades-de-liderazgo-y-gestion-comunal-ante-el-covid-19\/#respond\"]}]},{\"@type\":\"WebPage\",\"@id\":\"https:\/\/consolidar.co\/index.php\/2023\/04\/10\/habilidades-de-liderazgo-y-gestion-comunal-ante-el-covid-19\/\",\"url\":\"https:\/\/consolidar.co\/index.php\/2023\/04\/10\/habilidades-de-liderazgo-y-gestion-comunal-ante-el-covid-19\/\",\"name\":\"Habilidades de liderazgo y gesti\u00f3n comunal ante el COVID-19 - Corporaci\u00f3n Consolidar\",\"isPartOf\":{\"@id\":\"https:\/\/consolidar.co\/#website\"},\"datePublished\":\"2023-04-10T02:08:05+00:00\",\"dateModified\":\"2023-04-10T02:08:06+00:00\",\"breadcrumb\":{\"@id\":\"https:\/\/consolidar.co\/index.php\/2023\/04\/10\/habilidades-de-liderazgo-y-gestion-comunal-ante-el-covid-19\/#breadcrumb\"},\"inLanguage\":\"es\",\"potentialAction\":[{\"@type\":\"ReadAction\",\"target\":[\"https:\/\/consolidar.co\/index.php\/2023\/04\/10\/habilidades-de-liderazgo-y-gestion-comunal-ante-el-covid-19\/\"]}]},{\"@type\":\"BreadcrumbList\",\"@id\":\"https:\/\/consolidar.co\/index.php\/2023\/04\/10\/habilidades-de-liderazgo-y-gestion-comunal-ante-el-covid-19\/#breadcrumb\",\"itemListElement\":[{\"@type\":\"ListItem\",\"position\":1,\"name\":\"Portada\",\"item\":\"https:\/\/consolidar.co\/\"},{\"@type\":\"ListItem\",\"position\":2,\"name\":\"Habilidades de liderazgo y gesti\u00f3n comunal ante el COVID-19\"}]},{\"@type\":\"WebSite\",\"@id\":\"https:\/\/consolidar.co\/#website\",\"url\":\"https:\/\/consolidar.co\/\",\"name\":\"Corporaci\u00f3n Consolidar\",\"description\":\"\",\"publisher\":{\"@id\":\"https:\/\/consolidar.co\/#organization\"},\"potentialAction\":[{\"@type\":\"SearchAction\",\"target\":{\"@type\":\"EntryPoint\",\"urlTemplate\":\"https:\/\/consolidar.co\/?s={search_term_string}\"},\"query-input\":\"required name=search_term_string\"}],\"inLanguage\":\"es\"},{\"@type\":\"Organization\",\"@id\":\"https:\/\/consolidar.co\/#organization\",\"name\":\"Corporaci\u00f3n Consolidar\",\"url\":\"https:\/\/consolidar.co\/\",\"logo\":{\"@type\":\"ImageObject\",\"inLanguage\":\"es\",\"@id\":\"https:\/\/consolidar.co\/#\/schema\/logo\/image\/\",\"url\":\"https:\/\/consolidar.co\/wp-content\/uploads\/2023\/03\/LogoPrincipalSvg650x220.svg\",\"contentUrl\":\"https:\/\/consolidar.co\/wp-content\/uploads\/2023\/03\/LogoPrincipalSvg650x220.svg\",\"width\":650,\"height\":220,\"caption\":\"Corporaci\u00f3n Consolidar\"},\"image\":{\"@id\":\"https:\/\/consolidar.co\/#\/schema\/logo\/image\/\"}},{\"@type\":\"Person\",\"@id\":\"https:\/\/consolidar.co\/#\/schema\/person\/0f3f57ed3ee49346098106e3054b3697\",\"name\":\"admin\",\"image\":{\"@type\":\"ImageObject\",\"inLanguage\":\"es\",\"@id\":\"https:\/\/consolidar.co\/#\/schema\/person\/image\/\",\"url\":\"https:\/\/secure.gravatar.com\/avatar\/880329aa74996890aeda9d0146ca46c5fdf56e309433926d54bc09c7bfd25644?s=96&d=mm&r=g\",\"contentUrl\":\"https:\/\/secure.gravatar.com\/avatar\/880329aa74996890aeda9d0146ca46c5fdf56e309433926d54bc09c7bfd25644?s=96&d=mm&r=g\",\"caption\":\"admin\"},\"sameAs\":[\"https:\/\/consolidar.co\"],\"url\":\"https:\/\/consolidar.co\/index.php\/author\/admin_e4p69jrs\/\"}]}<\/script>\n<!-- \/ Yoast SEO plugin. -->","yoast_head_json":{"title":"Habilidades de liderazgo y gesti\u00f3n comunal ante el COVID-19 - Corporaci\u00f3n Consolidar","robots":{"index":"index","follow":"follow","max-snippet":"max-snippet:-1","max-image-preview":"max-image-preview:large","max-video-preview":"max-video-preview:-1"},"canonical":"https:\/\/consolidar.co\/index.php\/2023\/04\/10\/habilidades-de-liderazgo-y-gestion-comunal-ante-el-covid-19\/","og_locale":"es_ES","og_type":"article","og_title":"Habilidades de liderazgo y gesti\u00f3n comunal ante el COVID-19 - Corporaci\u00f3n Consolidar","og_description":"CONTEXTO Habilidades de liderazgo y gesti\u00f3n comunal ante el COVID-19 A trav\u00e9s de la resoluci\u00f3n 0337 del 12 de marzo de 2021, el Ministerio del Interior decidi\u00f3 \u201csuspender las elecciones de directivos y dignatarios de los organismos de acci\u00f3n comunal, hasta tanto se supere la situaci\u00f3n de emergencia sanitaria\u201d. Esto implica que los l\u00edderes que &hellip; Habilidades de liderazgo y gesti\u00f3n comunal ante el COVID-19 Leer m\u00e1s \u00bb","og_url":"https:\/\/consolidar.co\/index.php\/2023\/04\/10\/habilidades-de-liderazgo-y-gestion-comunal-ante-el-covid-19\/","og_site_name":"Corporaci\u00f3n Consolidar","article_published_time":"2023-04-10T02:08:05+00:00","article_modified_time":"2023-04-10T02:08:06+00:00","og_image":[{"width":1366,"height":768,"url":"https:\/\/consolidar.co\/wp-content\/uploads\/2023\/04\/PORTADA-VIDEO-COVID.png","type":"image\/png"}],"author":"admin","twitter_card":"summary_large_image","twitter_misc":{"Escrito por":"admin","Tiempo de lectura":"1 minuto"},"schema":{"@context":"https:\/\/schema.org","@graph":[{"@type":"Article","@id":"https:\/\/consolidar.co\/index.php\/2023\/04\/10\/habilidades-de-liderazgo-y-gestion-comunal-ante-el-covid-19\/#article","isPartOf":{"@id":"https:\/\/consolidar.co\/index.php\/2023\/04\/10\/habilidades-de-liderazgo-y-gestion-comunal-ante-el-covid-19\/"},"author":{"name":"admin","@id":"https:\/\/consolidar.co\/#\/schema\/person\/0f3f57ed3ee49346098106e3054b3697"},"headline":"Habilidades de liderazgo y gesti\u00f3n comunal ante el COVID-19","datePublished":"2023-04-10T02:08:05+00:00","dateModified":"2023-04-10T02:08:06+00:00","mainEntityOfPage":{"@id":"https:\/\/consolidar.co\/index.php\/2023\/04\/10\/habilidades-de-liderazgo-y-gestion-comunal-ante-el-covid-19\/"},"wordCount":109,"commentCount":0,"publisher":{"@id":"https:\/\/consolidar.co\/#organization"},"articleSection":["Contexto"],"inLanguage":"es","potentialAction":[{"@type":"CommentAction","name":"Comment","target":["https:\/\/consolidar.co\/index.php\/2023\/04\/10\/habilidades-de-liderazgo-y-gestion-comunal-ante-el-covid-19\/#respond"]}]},{"@type":"WebPage","@id":"https:\/\/consolidar.co\/index.php\/2023\/04\/10\/habilidades-de-liderazgo-y-gestion-comunal-ante-el-covid-19\/","url":"https:\/\/consolidar.co\/index.php\/2023\/04\/10\/habilidades-de-liderazgo-y-gestion-comunal-ante-el-covid-19\/","name":"Habilidades de liderazgo y gesti\u00f3n comunal ante el COVID-19 - Corporaci\u00f3n Consolidar","isPartOf":{"@id":"https:\/\/consolidar.co\/#website"},"datePublished":"2023-04-10T02:08:05+00:00","dateModified":"2023-04-10T02:08:06+00:00","breadcrumb":{"@id":"https:\/\/consolidar.co\/index.php\/2023\/04\/10\/habilidades-de-liderazgo-y-gestion-comunal-ante-el-covid-19\/#breadcrumb"},"inLanguage":"es","potentialAction":[{"@type":"ReadAction","target":["https:\/\/consolidar.co\/index.php\/2023\/04\/10\/habilidades-de-liderazgo-y-gestion-comunal-ante-el-covid-19\/"]}]},{"@type":"BreadcrumbList","@id":"https:\/\/consolidar.co\/index.php\/2023\/04\/10\/habilidades-de-liderazgo-y-gestion-comunal-ante-el-covid-19\/#breadcrumb","itemListElement":[{"@type":"ListItem","position":1,"name":"Portada","item":"https:\/\/consolidar.co\/"},{"@type":"ListItem","position":2,"name":"Habilidades de liderazgo y gesti\u00f3n comunal ante el COVID-19"}]},{"@type":"WebSite","@id":"https:\/\/consolidar.co\/#website","url":"https:\/\/consolidar.co\/","name":"Corporaci\u00f3n Consolidar","description":"","publisher":{"@id":"https:\/\/consolidar.co\/#organization"},"potentialAction":[{"@type":"SearchAction","target":{"@type":"EntryPoint","urlTemplate":"https:\/\/consolidar.co\/?s={search_term_string}"},"query-input":"required name=search_term_string"}],"inLanguage":"es"},{"@type":"Organization","@id":"https:\/\/consolidar.co\/#organization","name":"Corporaci\u00f3n Consolidar","url":"https:\/\/consolidar.co\/","logo":{"@type":"ImageObject","inLanguage":"es","@id":"https:\/\/consolidar.co\/#\/schema\/logo\/image\/","url":"https:\/\/consolidar.co\/wp-content\/uploads\/2023\/03\/LogoPrincipalSvg650x220.svg","contentUrl":"https:\/\/consolidar.co\/wp-content\/uploads\/2023\/03\/LogoPrincipalSvg650x220.svg","width":650,"height":220,"caption":"Corporaci\u00f3n Consolidar"},"image":{"@id":"https:\/\/consolidar.co\/#\/schema\/logo\/image\/"}},{"@type":"Person","@id":"https:\/\/consolidar.co\/#\/schema\/person\/0f3f57ed3ee49346098106e3054b3697","name":"admin","image":{"@type":"ImageObject","inLanguage":"es","@id":"https:\/\/consolidar.co\/#\/schema\/person\/image\/","url":"https:\/\/secure.gravatar.com\/avatar\/880329aa74996890aeda9d0146ca46c5fdf56e309433926d54bc09c7bfd25644?s=96&d=mm&r=g","contentUrl":"https:\/\/secure.gravatar.com\/avatar\/880329aa74996890aeda9d0146ca46c5fdf56e309433926d54bc09c7bfd25644?s=96&d=mm&r=g","caption":"admin"},"sameAs":["https:\/\/consolidar.co"],"url":"https:\/\/consolidar.co\/index.php\/author\/admin_e4p69jrs\/"}]}},"_links":{"self":[{"href":"https:\/\/consolidar.co\/index.php\/wp-json\/wp\/v2\/posts\/2823","targetHints":{"allow":["GET"]}}],"collection":[{"href":"https:\/\/consolidar.co\/index.php\/wp-json\/wp\/v2\/posts"}],"about":[{"href":"https:\/\/consolidar.co\/index.php\/wp-json\/wp\/v2\/types\/post"}],"author":[{"embeddable":true,"href":"https:\/\/consolidar.co\/index.php\/wp-json\/wp\/v2\/users\/1"}],"replies":[{"embeddable":true,"href":"https:\/\/consolidar.co\/index.php\/wp-json\/wp\/v2\/comments?post=2823"}],"version-history":[{"count":1,"href":"https:\/\/consolidar.co\/index.php\/wp-json\/wp\/v2\/posts\/2823\/revisions"}],"predecessor-version":[{"id":2826,"href":"https:\/\/consolidar.co\/index.php\/wp-json\/wp\/v2\/posts\/2823\/revisions\/2826"}],"wp:featuredmedia":[{"embeddable":true,"href":"https:\/\/consolidar.co\/index.php\/wp-json\/wp\/v2\/media\/2825"}],"wp:attachment":[{"href":"https:\/\/consolidar.co\/index.php\/wp-json\/wp\/v2\/media?parent=2823"}],"wp:term":[{"taxonomy":"category","embeddable":true,"href":"https:\/\/consolidar.co\/index.php\/wp-json\/wp\/v2\/categories?post=2823"},{"taxonomy":"post_tag","embeddable":true,"href":"https:\/\/consolidar.co\/index.php\/wp-json\/wp\/v2\/tags?post=2823"}],"curies":[{"name":"wp","href":"https:\/\/api.w.org\/{rel}","templated":true}]}}