{"id":2769,"date":"2023-04-09T17:49:32","date_gmt":"2023-04-09T17:49:32","guid":{"rendered":"https:\/\/consolidar.co\/?p=2769"},"modified":"2023-04-09T17:49:33","modified_gmt":"2023-04-09T17:49:33","slug":"iniciativa-de-gran-tierra-energy-para-impulsar-el-desarrollo-comunitario-concluyen-con-exito-los-diplomados-para-formar-a-mas-de-150-lideres-en-cuatro-corregimientos-del-magdalena-medio","status":"publish","type":"post","link":"https:\/\/consolidar.co\/index.php\/2023\/04\/09\/iniciativa-de-gran-tierra-energy-para-impulsar-el-desarrollo-comunitario-concluyen-con-exito-los-diplomados-para-formar-a-mas-de-150-lideres-en-cuatro-corregimientos-del-magdalena-medio\/","title":{"rendered":"Iniciativa de Gran Tierra Energy, para impulsar el desarrollo comunitario Concluyen con \u00e9xito los diplomados para formar a m\u00e1s de 150 l\u00edderes en cuatro corregimientos del Magdalena Medio"},"content":{"rendered":"\n<div style=\"height:100px\" aria-hidden=\"true\" class=\"wp-block-spacer\"><\/div>\n\n\n\n<p>CONTEXTO<\/p>\n\n\n\n<div style=\"height:100px\" aria-hidden=\"true\" class=\"wp-block-spacer\"><\/div>\n\n\n\n<p class=\"has-ast-global-color-1-color has-text-color has-x-large-font-size\"><strong>Iniciativa de Gran Tierra Energy, para impulsar el desarrollo comunitario Concluyen con \u00e9xito los diplomados para formar a m\u00e1s de 150 l\u00edderes en cuatro corregimientos del Magdalena Medio<\/strong><\/p>\n\n\n\n<div style=\"height:100px\" aria-hidden=\"true\" class=\"wp-block-spacer\"><\/div>\n\n\n\n<p>M\u00e1s de 150 l\u00edderes, habitantes de los corregimientos de San Rafael de Lebrija, V\u00e1lvula, Papayal y San Jos\u00e9 de los Chorros (Rionegro-Santander), Morrison (Rio de Oro) y La Banca-Torcoroma (San Mart\u00edn), culminaron este fin de semana el proceso de formaci\u00f3n 2016, en el marco de la Estrategia Social ENCONTRANDO LIDERES \u2013 GENERANDO DESARROLLO.<\/p>\n\n\n\n<p>Dicha iniciativa es impulsada por Gran Tierra Energy Colombia, a trav\u00e9s de becas completas que cubrieron la totalidad de la matr\u00edcula, los materiales pedag\u00f3gicos de soporte y los refrigerios de los participantes. Desde hace cinco a\u00f1os, la operaci\u00f3n de este proceso formativo ha estado a cargo de la Corporaci\u00f3n Consolidar con el aval acad\u00e9mico del Instituto T\u00e9cnico Consolidar I.T.C.<\/p>\n\n\n\n<div style=\"height:100px\" aria-hidden=\"true\" class=\"wp-block-spacer\"><\/div>\n\n\n\n<div class=\"wp-block-cover aligncenter is-light\"><span aria-hidden=\"true\" class=\"wp-block-cover__background has-background-dim\"><\/span><img loading=\"lazy\" decoding=\"async\" width=\"700\" height=\"462\" class=\"wp-block-cover__image-background wp-image-2772\" alt=\"\" src=\"https:\/\/consolidar.co\/wp-content\/uploads\/2023\/04\/1-3.jpg\" data-object-fit=\"cover\" srcset=\"https:\/\/consolidar.co\/wp-content\/uploads\/2023\/04\/1-3.jpg 700w, https:\/\/consolidar.co\/wp-content\/uploads\/2023\/04\/1-3-300x198.jpg 300w\" sizes=\"auto, (max-width: 700px) 100vw, 700px\" \/><div class=\"wp-block-cover__inner-container is-layout-flow wp-block-cover-is-layout-flow\">\n<p class=\"has-text-align-center has-ast-global-color-5-color has-text-color has-medium-font-size\">Finalizaci\u00f3n del diplomado en San Jos\u00e9 de los Cachorros<\/p>\n<\/div><\/div>\n\n\n\n<div style=\"height:100px\" aria-hidden=\"true\" class=\"wp-block-spacer\"><\/div>\n\n\n\n<p>Fueron ofrecidos dos diplomados de los que se beneficiaron los l\u00edderes, mujeres y j\u00f3venes de la regi\u00f3n. El primero de ellos denominado \u2018GESTORES DE DESARROLLO COMUNITARIO\u2019, se realiz\u00f3 con enfoque en el fortalecimiento de las habilidades de liderazgo y la implementaci\u00f3n de programas comunitarios; el segundo, \u2018FORTALECIMIENTO A LA PARTICIPACI\u00d3N Y PLANEACI\u00d3N COMUNITARIA\u2019, profundiz\u00f3 en la planeaci\u00f3n participativa a trav\u00e9s de la formulaci\u00f3n de los Planes de Desarrollo Comunal y Comunitario \u2013PDCC y la construcci\u00f3n de un portafolio de proyectos.<\/p>\n\n\n\n<p>De hecho, gracias a estos procesos de formaci\u00f3n que desde hace 5 a\u00f1os Gran Tierra Energy impulsa en la zona, se ha logrado la ejecuci\u00f3n de m\u00e1s de 20 proyectos, por valor superior a los seis mil millones de pesos, con el apoyo de las Alcald\u00edas, Gobernaciones y por supuesto, Gran Tierra Energy, al igual que la comunidad, en materia de infraestructura, cultura, educaci\u00f3n, salud p\u00fablica e iniciativas productivas.<\/p>\n\n\n\n<div style=\"height:100px\" aria-hidden=\"true\" class=\"wp-block-spacer\"><\/div>\n\n\n\n<div class=\"wp-block-cover aligncenter is-light\"><span aria-hidden=\"true\" class=\"wp-block-cover__background has-background-dim\"><\/span><img loading=\"lazy\" decoding=\"async\" width=\"700\" height=\"461\" class=\"wp-block-cover__image-background wp-image-2771\" alt=\"\" src=\"https:\/\/consolidar.co\/wp-content\/uploads\/2023\/04\/2-2.jpg\" data-object-fit=\"cover\" srcset=\"https:\/\/consolidar.co\/wp-content\/uploads\/2023\/04\/2-2.jpg 700w, https:\/\/consolidar.co\/wp-content\/uploads\/2023\/04\/2-2-300x198.jpg 300w\" sizes=\"auto, (max-width: 700px) 100vw, 700px\" \/><div class=\"wp-block-cover__inner-container is-layout-flow wp-block-cover-is-layout-flow\">\n<p class=\"has-text-align-center has-ast-global-color-5-color has-text-color has-medium-font-size\">Sesi\u00f3n de trabajo en San Rafael de Lebrija<\/p>\n<\/div><\/div>\n\n\n\n<div style=\"height:100px\" aria-hidden=\"true\" class=\"wp-block-spacer\"><\/div>\n\n\n\n<div class=\"wp-block-cover aligncenter is-light\"><span aria-hidden=\"true\" class=\"wp-block-cover__background has-background-dim\"><\/span><img loading=\"lazy\" decoding=\"async\" width=\"700\" height=\"502\" class=\"wp-block-cover__image-background wp-image-2770\" alt=\"\" src=\"https:\/\/consolidar.co\/wp-content\/uploads\/2023\/04\/3-2.jpg\" data-object-fit=\"cover\" srcset=\"https:\/\/consolidar.co\/wp-content\/uploads\/2023\/04\/3-2.jpg 700w, https:\/\/consolidar.co\/wp-content\/uploads\/2023\/04\/3-2-300x215.jpg 300w\" sizes=\"auto, (max-width: 700px) 100vw, 700px\" \/><div class=\"wp-block-cover__inner-container is-layout-flow wp-block-cover-is-layout-flow\">\n<p class=\"has-text-align-center has-ast-global-color-5-color has-text-color has-medium-font-size\">Desarrollo del diplomado en Morrison<\/p>\n<\/div><\/div>\n\n\n\n<div style=\"height:100px\" aria-hidden=\"true\" class=\"wp-block-spacer\"><\/div>\n\n\n\n<p>La articulaci\u00f3n interinstitucional, a trav\u00e9s de los acercamientos con las Alcald\u00edas, Concejos Municipales, instituciones de educaci\u00f3n p\u00fablica y empresas del sector privado de R\u00edo de Oro, Rionegro y San Mart\u00edn, ha sido el elemento transversal para lograr el \u00e9xito del proceso.<\/p>\n\n\n\n<p>Durante el primer semestre de 2017, las personas que cursaron los dos diplomados de este a\u00f1o, se dedicar\u00e1n a la formulaci\u00f3n de 20 nuevos proyectos en las \u00e1reas de infraestructura, educaci\u00f3n, cultura, recreaci\u00f3n y deporte, para iniciar la gesti\u00f3n de recursos que permitan hacerlos una realidad. De esta manera, las comunidades de San Rafael de Lebrija, V\u00e1lvula, Papayal, San Jos\u00e9 de los Chorros, Morrison y La Banca-Torcoroma, se han convertido en constructoras de su propio desarrollo y han hallado en la correcta formulaci\u00f3n de proyectos, la mejor herramienta para lograrlo.<\/p>\n\n\n\n<div style=\"height:100px\" aria-hidden=\"true\" class=\"wp-block-spacer\"><\/div>\n","protected":false},"excerpt":{"rendered":"<p>CONTEXTO Iniciativa de Gran Tierra Energy, para impulsar el desarrollo comunitario Concluyen con \u00e9xito los diplomados para formar a m\u00e1s de 150 l\u00edderes en cuatro corregimientos del Magdalena Medio M\u00e1s de 150 l\u00edderes, habitantes de los corregimientos de San Rafael de Lebrija, V\u00e1lvula, Papayal y San Jos\u00e9 de los Chorros (Rionegro-Santander), Morrison (Rio de Oro) &hellip;<\/p>\n<p class=\"read-more\"> <a class=\"\" href=\"https:\/\/consolidar.co\/index.php\/2023\/04\/09\/iniciativa-de-gran-tierra-energy-para-impulsar-el-desarrollo-comunitario-concluyen-con-exito-los-diplomados-para-formar-a-mas-de-150-lideres-en-cuatro-corregimientos-del-magdalena-medio\/\"> <span class=\"screen-reader-text\">Iniciativa de Gran Tierra Energy, para impulsar el desarrollo comunitario Concluyen con \u00e9xito los diplomados para formar a m\u00e1s de 150 l\u00edderes en cuatro corregimientos del Magdalena Medio<\/span> Leer m\u00e1s \u00bb<\/a><\/p>\n","protected":false},"author":1,"featured_media":2770,"comment_status":"open","ping_status":"open","sticky":false,"template":"","format":"standard","meta":{"site-sidebar-layout":"no-sidebar","site-content-layout":"plain-container","ast-global-header-display":"","ast-main-header-display":"","ast-hfb-above-header-display":"","ast-hfb-below-header-display":"","ast-hfb-mobile-header-display":"","site-post-title":"disabled","ast-breadcrumbs-content":"","ast-featured-img":"disabled","footer-sml-layout":"","theme-transparent-header-meta":"","adv-header-id-meta":"","stick-header-meta":"","header-above-stick-meta":"","header-main-stick-meta":"","header-below-stick-meta":"","_joinchat":[],"footnotes":""},"categories":[27],"tags":[],"class_list":["post-2769","post","type-post","status-publish","format-standard","has-post-thumbnail","hentry","category-contexto"],"yoast_head":"<!-- This site is optimized with the Yoast SEO plugin v20.4 - https:\/\/yoast.com\/wordpress\/plugins\/seo\/ -->\n<title>Iniciativa de Gran Tierra Energy, para impulsar el desarrollo comunitario Concluyen con \u00e9xito los diplomados para formar a m\u00e1s de 150 l\u00edderes en cuatro corregimientos del Magdalena Medio - Corporaci\u00f3n Consolidar<\/title>\n<meta name=\"robots\" content=\"index, follow, max-snippet:-1, max-image-preview:large, max-video-preview:-1\" \/>\n<link rel=\"canonical\" href=\"https:\/\/consolidar.co\/index.php\/2023\/04\/09\/iniciativa-de-gran-tierra-energy-para-impulsar-el-desarrollo-comunitario-concluyen-con-exito-los-diplomados-para-formar-a-mas-de-150-lideres-en-cuatro-corregimientos-del-magdalena-medio\/\" \/>\n<meta property=\"og:locale\" content=\"es_ES\" \/>\n<meta property=\"og:type\" content=\"article\" \/>\n<meta property=\"og:title\" content=\"Iniciativa de Gran Tierra Energy, para impulsar el desarrollo comunitario Concluyen con \u00e9xito los diplomados para formar a m\u00e1s de 150 l\u00edderes en cuatro corregimientos del Magdalena Medio - Corporaci\u00f3n Consolidar\" \/>\n<meta property=\"og:description\" content=\"CONTEXTO Iniciativa de Gran Tierra Energy, para impulsar el desarrollo comunitario Concluyen con \u00e9xito los diplomados para formar a m\u00e1s de 150 l\u00edderes en cuatro corregimientos del Magdalena Medio M\u00e1s de 150 l\u00edderes, habitantes de los corregimientos de San Rafael de Lebrija, V\u00e1lvula, Papayal y San Jos\u00e9 de los Chorros (Rionegro-Santander), Morrison (Rio de Oro) &hellip; Iniciativa de Gran Tierra Energy, para impulsar el desarrollo comunitario Concluyen con \u00e9xito los diplomados para formar a m\u00e1s de 150 l\u00edderes en cuatro corregimientos del Magdalena Medio Leer m\u00e1s \u00bb\" \/>\n<meta property=\"og:url\" content=\"https:\/\/consolidar.co\/index.php\/2023\/04\/09\/iniciativa-de-gran-tierra-energy-para-impulsar-el-desarrollo-comunitario-concluyen-con-exito-los-diplomados-para-formar-a-mas-de-150-lideres-en-cuatro-corregimientos-del-magdalena-medio\/\" \/>\n<meta property=\"og:site_name\" content=\"Corporaci\u00f3n Consolidar\" \/>\n<meta property=\"article:published_time\" content=\"2023-04-09T17:49:32+00:00\" \/>\n<meta property=\"article:modified_time\" content=\"2023-04-09T17:49:33+00:00\" \/>\n<meta property=\"og:image\" content=\"https:\/\/consolidar.co\/wp-content\/uploads\/2023\/04\/3-2.jpg\" \/>\n\t<meta property=\"og:image:width\" content=\"700\" \/>\n\t<meta property=\"og:image:height\" content=\"502\" \/>\n\t<meta property=\"og:image:type\" content=\"image\/jpeg\" \/>\n<meta name=\"author\" content=\"admin\" \/>\n<meta name=\"twitter:card\" content=\"summary_large_image\" \/>\n<meta name=\"twitter:label1\" content=\"Escrito por\" \/>\n\t<meta name=\"twitter:data1\" content=\"admin\" \/>\n\t<meta name=\"twitter:label2\" content=\"Tiempo de lectura\" \/>\n\t<meta name=\"twitter:data2\" content=\"3 minutos\" \/>\n<script type=\"application\/ld+json\" class=\"yoast-schema-graph\">{\"@context\":\"https:\/\/schema.org\",\"@graph\":[{\"@type\":\"Article\",\"@id\":\"https:\/\/consolidar.co\/index.php\/2023\/04\/09\/iniciativa-de-gran-tierra-energy-para-impulsar-el-desarrollo-comunitario-concluyen-con-exito-los-diplomados-para-formar-a-mas-de-150-lideres-en-cuatro-corregimientos-del-magdalena-medio\/#article\",\"isPartOf\":{\"@id\":\"https:\/\/consolidar.co\/index.php\/2023\/04\/09\/iniciativa-de-gran-tierra-energy-para-impulsar-el-desarrollo-comunitario-concluyen-con-exito-los-diplomados-para-formar-a-mas-de-150-lideres-en-cuatro-corregimientos-del-magdalena-medio\/\"},\"author\":{\"name\":\"admin\",\"@id\":\"https:\/\/consolidar.co\/#\/schema\/person\/0f3f57ed3ee49346098106e3054b3697\"},\"headline\":\"Iniciativa de Gran Tierra Energy, para impulsar el desarrollo comunitario Concluyen con \u00e9xito los diplomados para formar a m\u00e1s de 150 l\u00edderes en cuatro corregimientos del Magdalena Medio\",\"datePublished\":\"2023-04-09T17:49:32+00:00\",\"dateModified\":\"2023-04-09T17:49:33+00:00\",\"mainEntityOfPage\":{\"@id\":\"https:\/\/consolidar.co\/index.php\/2023\/04\/09\/iniciativa-de-gran-tierra-energy-para-impulsar-el-desarrollo-comunitario-concluyen-con-exito-los-diplomados-para-formar-a-mas-de-150-lideres-en-cuatro-corregimientos-del-magdalena-medio\/\"},\"wordCount\":515,\"commentCount\":0,\"publisher\":{\"@id\":\"https:\/\/consolidar.co\/#organization\"},\"articleSection\":[\"Contexto\"],\"inLanguage\":\"es\",\"potentialAction\":[{\"@type\":\"CommentAction\",\"name\":\"Comment\",\"target\":[\"https:\/\/consolidar.co\/index.php\/2023\/04\/09\/iniciativa-de-gran-tierra-energy-para-impulsar-el-desarrollo-comunitario-concluyen-con-exito-los-diplomados-para-formar-a-mas-de-150-lideres-en-cuatro-corregimientos-del-magdalena-medio\/#respond\"]}]},{\"@type\":\"WebPage\",\"@id\":\"https:\/\/consolidar.co\/index.php\/2023\/04\/09\/iniciativa-de-gran-tierra-energy-para-impulsar-el-desarrollo-comunitario-concluyen-con-exito-los-diplomados-para-formar-a-mas-de-150-lideres-en-cuatro-corregimientos-del-magdalena-medio\/\",\"url\":\"https:\/\/consolidar.co\/index.php\/2023\/04\/09\/iniciativa-de-gran-tierra-energy-para-impulsar-el-desarrollo-comunitario-concluyen-con-exito-los-diplomados-para-formar-a-mas-de-150-lideres-en-cuatro-corregimientos-del-magdalena-medio\/\",\"name\":\"Iniciativa de Gran Tierra Energy, para impulsar el desarrollo comunitario Concluyen con \u00e9xito los diplomados para formar a m\u00e1s de 150 l\u00edderes en cuatro corregimientos del Magdalena Medio - Corporaci\u00f3n Consolidar\",\"isPartOf\":{\"@id\":\"https:\/\/consolidar.co\/#website\"},\"datePublished\":\"2023-04-09T17:49:32+00:00\",\"dateModified\":\"2023-04-09T17:49:33+00:00\",\"breadcrumb\":{\"@id\":\"https:\/\/consolidar.co\/index.php\/2023\/04\/09\/iniciativa-de-gran-tierra-energy-para-impulsar-el-desarrollo-comunitario-concluyen-con-exito-los-diplomados-para-formar-a-mas-de-150-lideres-en-cuatro-corregimientos-del-magdalena-medio\/#breadcrumb\"},\"inLanguage\":\"es\",\"potentialAction\":[{\"@type\":\"ReadAction\",\"target\":[\"https:\/\/consolidar.co\/index.php\/2023\/04\/09\/iniciativa-de-gran-tierra-energy-para-impulsar-el-desarrollo-comunitario-concluyen-con-exito-los-diplomados-para-formar-a-mas-de-150-lideres-en-cuatro-corregimientos-del-magdalena-medio\/\"]}]},{\"@type\":\"BreadcrumbList\",\"@id\":\"https:\/\/consolidar.co\/index.php\/2023\/04\/09\/iniciativa-de-gran-tierra-energy-para-impulsar-el-desarrollo-comunitario-concluyen-con-exito-los-diplomados-para-formar-a-mas-de-150-lideres-en-cuatro-corregimientos-del-magdalena-medio\/#breadcrumb\",\"itemListElement\":[{\"@type\":\"ListItem\",\"position\":1,\"name\":\"Portada\",\"item\":\"https:\/\/consolidar.co\/\"},{\"@type\":\"ListItem\",\"position\":2,\"name\":\"Iniciativa de Gran Tierra Energy, para impulsar el desarrollo comunitario Concluyen con \u00e9xito los diplomados para formar a m\u00e1s de 150 l\u00edderes en cuatro corregimientos del Magdalena Medio\"}]},{\"@type\":\"WebSite\",\"@id\":\"https:\/\/consolidar.co\/#website\",\"url\":\"https:\/\/consolidar.co\/\",\"name\":\"Corporaci\u00f3n Consolidar\",\"description\":\"\",\"publisher\":{\"@id\":\"https:\/\/consolidar.co\/#organization\"},\"potentialAction\":[{\"@type\":\"SearchAction\",\"target\":{\"@type\":\"EntryPoint\",\"urlTemplate\":\"https:\/\/consolidar.co\/?s={search_term_string}\"},\"query-input\":\"required name=search_term_string\"}],\"inLanguage\":\"es\"},{\"@type\":\"Organization\",\"@id\":\"https:\/\/consolidar.co\/#organization\",\"name\":\"Corporaci\u00f3n Consolidar\",\"url\":\"https:\/\/consolidar.co\/\",\"logo\":{\"@type\":\"ImageObject\",\"inLanguage\":\"es\",\"@id\":\"https:\/\/consolidar.co\/#\/schema\/logo\/image\/\",\"url\":\"https:\/\/consolidar.co\/wp-content\/uploads\/2023\/03\/LogoPrincipalSvg650x220.svg\",\"contentUrl\":\"https:\/\/consolidar.co\/wp-content\/uploads\/2023\/03\/LogoPrincipalSvg650x220.svg\",\"width\":650,\"height\":220,\"caption\":\"Corporaci\u00f3n Consolidar\"},\"image\":{\"@id\":\"https:\/\/consolidar.co\/#\/schema\/logo\/image\/\"}},{\"@type\":\"Person\",\"@id\":\"https:\/\/consolidar.co\/#\/schema\/person\/0f3f57ed3ee49346098106e3054b3697\",\"name\":\"admin\",\"image\":{\"@type\":\"ImageObject\",\"inLanguage\":\"es\",\"@id\":\"https:\/\/consolidar.co\/#\/schema\/person\/image\/\",\"url\":\"https:\/\/secure.gravatar.com\/avatar\/880329aa74996890aeda9d0146ca46c5fdf56e309433926d54bc09c7bfd25644?s=96&d=mm&r=g\",\"contentUrl\":\"https:\/\/secure.gravatar.com\/avatar\/880329aa74996890aeda9d0146ca46c5fdf56e309433926d54bc09c7bfd25644?s=96&d=mm&r=g\",\"caption\":\"admin\"},\"sameAs\":[\"https:\/\/consolidar.co\"],\"url\":\"https:\/\/consolidar.co\/index.php\/author\/admin_e4p69jrs\/\"}]}<\/script>\n<!-- \/ Yoast SEO plugin. -->","yoast_head_json":{"title":"Iniciativa de Gran Tierra Energy, para impulsar el desarrollo comunitario Concluyen con \u00e9xito los diplomados para formar a m\u00e1s de 150 l\u00edderes en cuatro corregimientos del Magdalena Medio - Corporaci\u00f3n Consolidar","robots":{"index":"index","follow":"follow","max-snippet":"max-snippet:-1","max-image-preview":"max-image-preview:large","max-video-preview":"max-video-preview:-1"},"canonical":"https:\/\/consolidar.co\/index.php\/2023\/04\/09\/iniciativa-de-gran-tierra-energy-para-impulsar-el-desarrollo-comunitario-concluyen-con-exito-los-diplomados-para-formar-a-mas-de-150-lideres-en-cuatro-corregimientos-del-magdalena-medio\/","og_locale":"es_ES","og_type":"article","og_title":"Iniciativa de Gran Tierra Energy, para impulsar el desarrollo comunitario Concluyen con \u00e9xito los diplomados para formar a m\u00e1s de 150 l\u00edderes en cuatro corregimientos del Magdalena Medio - Corporaci\u00f3n Consolidar","og_description":"CONTEXTO Iniciativa de Gran Tierra Energy, para impulsar el desarrollo comunitario Concluyen con \u00e9xito los diplomados para formar a m\u00e1s de 150 l\u00edderes en cuatro corregimientos del Magdalena Medio M\u00e1s de 150 l\u00edderes, habitantes de los corregimientos de San Rafael de Lebrija, V\u00e1lvula, Papayal y San Jos\u00e9 de los Chorros (Rionegro-Santander), Morrison (Rio de Oro) &hellip; Iniciativa de Gran Tierra Energy, para impulsar el desarrollo comunitario Concluyen con \u00e9xito los diplomados para formar a m\u00e1s de 150 l\u00edderes en cuatro corregimientos del Magdalena Medio Leer m\u00e1s \u00bb","og_url":"https:\/\/consolidar.co\/index.php\/2023\/04\/09\/iniciativa-de-gran-tierra-energy-para-impulsar-el-desarrollo-comunitario-concluyen-con-exito-los-diplomados-para-formar-a-mas-de-150-lideres-en-cuatro-corregimientos-del-magdalena-medio\/","og_site_name":"Corporaci\u00f3n Consolidar","article_published_time":"2023-04-09T17:49:32+00:00","article_modified_time":"2023-04-09T17:49:33+00:00","og_image":[{"width":700,"height":502,"url":"https:\/\/consolidar.co\/wp-content\/uploads\/2023\/04\/3-2.jpg","type":"image\/jpeg"}],"author":"admin","twitter_card":"summary_large_image","twitter_misc":{"Escrito por":"admin","Tiempo de lectura":"3 minutos"},"schema":{"@context":"https:\/\/schema.org","@graph":[{"@type":"Article","@id":"https:\/\/consolidar.co\/index.php\/2023\/04\/09\/iniciativa-de-gran-tierra-energy-para-impulsar-el-desarrollo-comunitario-concluyen-con-exito-los-diplomados-para-formar-a-mas-de-150-lideres-en-cuatro-corregimientos-del-magdalena-medio\/#article","isPartOf":{"@id":"https:\/\/consolidar.co\/index.php\/2023\/04\/09\/iniciativa-de-gran-tierra-energy-para-impulsar-el-desarrollo-comunitario-concluyen-con-exito-los-diplomados-para-formar-a-mas-de-150-lideres-en-cuatro-corregimientos-del-magdalena-medio\/"},"author":{"name":"admin","@id":"https:\/\/consolidar.co\/#\/schema\/person\/0f3f57ed3ee49346098106e3054b3697"},"headline":"Iniciativa de Gran Tierra Energy, para impulsar el desarrollo comunitario Concluyen con \u00e9xito los diplomados para formar a m\u00e1s de 150 l\u00edderes en cuatro corregimientos del Magdalena Medio","datePublished":"2023-04-09T17:49:32+00:00","dateModified":"2023-04-09T17:49:33+00:00","mainEntityOfPage":{"@id":"https:\/\/consolidar.co\/index.php\/2023\/04\/09\/iniciativa-de-gran-tierra-energy-para-impulsar-el-desarrollo-comunitario-concluyen-con-exito-los-diplomados-para-formar-a-mas-de-150-lideres-en-cuatro-corregimientos-del-magdalena-medio\/"},"wordCount":515,"commentCount":0,"publisher":{"@id":"https:\/\/consolidar.co\/#organization"},"articleSection":["Contexto"],"inLanguage":"es","potentialAction":[{"@type":"CommentAction","name":"Comment","target":["https:\/\/consolidar.co\/index.php\/2023\/04\/09\/iniciativa-de-gran-tierra-energy-para-impulsar-el-desarrollo-comunitario-concluyen-con-exito-los-diplomados-para-formar-a-mas-de-150-lideres-en-cuatro-corregimientos-del-magdalena-medio\/#respond"]}]},{"@type":"WebPage","@id":"https:\/\/consolidar.co\/index.php\/2023\/04\/09\/iniciativa-de-gran-tierra-energy-para-impulsar-el-desarrollo-comunitario-concluyen-con-exito-los-diplomados-para-formar-a-mas-de-150-lideres-en-cuatro-corregimientos-del-magdalena-medio\/","url":"https:\/\/consolidar.co\/index.php\/2023\/04\/09\/iniciativa-de-gran-tierra-energy-para-impulsar-el-desarrollo-comunitario-concluyen-con-exito-los-diplomados-para-formar-a-mas-de-150-lideres-en-cuatro-corregimientos-del-magdalena-medio\/","name":"Iniciativa de Gran Tierra Energy, para impulsar el desarrollo comunitario Concluyen con \u00e9xito los diplomados para formar a m\u00e1s de 150 l\u00edderes en cuatro corregimientos del Magdalena Medio - Corporaci\u00f3n Consolidar","isPartOf":{"@id":"https:\/\/consolidar.co\/#website"},"datePublished":"2023-04-09T17:49:32+00:00","dateModified":"2023-04-09T17:49:33+00:00","breadcrumb":{"@id":"https:\/\/consolidar.co\/index.php\/2023\/04\/09\/iniciativa-de-gran-tierra-energy-para-impulsar-el-desarrollo-comunitario-concluyen-con-exito-los-diplomados-para-formar-a-mas-de-150-lideres-en-cuatro-corregimientos-del-magdalena-medio\/#breadcrumb"},"inLanguage":"es","potentialAction":[{"@type":"ReadAction","target":["https:\/\/consolidar.co\/index.php\/2023\/04\/09\/iniciativa-de-gran-tierra-energy-para-impulsar-el-desarrollo-comunitario-concluyen-con-exito-los-diplomados-para-formar-a-mas-de-150-lideres-en-cuatro-corregimientos-del-magdalena-medio\/"]}]},{"@type":"BreadcrumbList","@id":"https:\/\/consolidar.co\/index.php\/2023\/04\/09\/iniciativa-de-gran-tierra-energy-para-impulsar-el-desarrollo-comunitario-concluyen-con-exito-los-diplomados-para-formar-a-mas-de-150-lideres-en-cuatro-corregimientos-del-magdalena-medio\/#breadcrumb","itemListElement":[{"@type":"ListItem","position":1,"name":"Portada","item":"https:\/\/consolidar.co\/"},{"@type":"ListItem","position":2,"name":"Iniciativa de Gran Tierra Energy, para impulsar el desarrollo comunitario Concluyen con \u00e9xito los diplomados para formar a m\u00e1s de 150 l\u00edderes en cuatro corregimientos del Magdalena Medio"}]},{"@type":"WebSite","@id":"https:\/\/consolidar.co\/#website","url":"https:\/\/consolidar.co\/","name":"Corporaci\u00f3n Consolidar","description":"","publisher":{"@id":"https:\/\/consolidar.co\/#organization"},"potentialAction":[{"@type":"SearchAction","target":{"@type":"EntryPoint","urlTemplate":"https:\/\/consolidar.co\/?s={search_term_string}"},"query-input":"required name=search_term_string"}],"inLanguage":"es"},{"@type":"Organization","@id":"https:\/\/consolidar.co\/#organization","name":"Corporaci\u00f3n Consolidar","url":"https:\/\/consolidar.co\/","logo":{"@type":"ImageObject","inLanguage":"es","@id":"https:\/\/consolidar.co\/#\/schema\/logo\/image\/","url":"https:\/\/consolidar.co\/wp-content\/uploads\/2023\/03\/LogoPrincipalSvg650x220.svg","contentUrl":"https:\/\/consolidar.co\/wp-content\/uploads\/2023\/03\/LogoPrincipalSvg650x220.svg","width":650,"height":220,"caption":"Corporaci\u00f3n Consolidar"},"image":{"@id":"https:\/\/consolidar.co\/#\/schema\/logo\/image\/"}},{"@type":"Person","@id":"https:\/\/consolidar.co\/#\/schema\/person\/0f3f57ed3ee49346098106e3054b3697","name":"admin","image":{"@type":"ImageObject","inLanguage":"es","@id":"https:\/\/consolidar.co\/#\/schema\/person\/image\/","url":"https:\/\/secure.gravatar.com\/avatar\/880329aa74996890aeda9d0146ca46c5fdf56e309433926d54bc09c7bfd25644?s=96&d=mm&r=g","contentUrl":"https:\/\/secure.gravatar.com\/avatar\/880329aa74996890aeda9d0146ca46c5fdf56e309433926d54bc09c7bfd25644?s=96&d=mm&r=g","caption":"admin"},"sameAs":["https:\/\/consolidar.co"],"url":"https:\/\/consolidar.co\/index.php\/author\/admin_e4p69jrs\/"}]}},"_links":{"self":[{"href":"https:\/\/consolidar.co\/index.php\/wp-json\/wp\/v2\/posts\/2769","targetHints":{"allow":["GET"]}}],"collection":[{"href":"https:\/\/consolidar.co\/index.php\/wp-json\/wp\/v2\/posts"}],"about":[{"href":"https:\/\/consolidar.co\/index.php\/wp-json\/wp\/v2\/types\/post"}],"author":[{"embeddable":true,"href":"https:\/\/consolidar.co\/index.php\/wp-json\/wp\/v2\/users\/1"}],"replies":[{"embeddable":true,"href":"https:\/\/consolidar.co\/index.php\/wp-json\/wp\/v2\/comments?post=2769"}],"version-history":[{"count":1,"href":"https:\/\/consolidar.co\/index.php\/wp-json\/wp\/v2\/posts\/2769\/revisions"}],"predecessor-version":[{"id":2773,"href":"https:\/\/consolidar.co\/index.php\/wp-json\/wp\/v2\/posts\/2769\/revisions\/2773"}],"wp:featuredmedia":[{"embeddable":true,"href":"https:\/\/consolidar.co\/index.php\/wp-json\/wp\/v2\/media\/2770"}],"wp:attachment":[{"href":"https:\/\/consolidar.co\/index.php\/wp-json\/wp\/v2\/media?parent=2769"}],"wp:term":[{"taxonomy":"category","embeddable":true,"href":"https:\/\/consolidar.co\/index.php\/wp-json\/wp\/v2\/categories?post=2769"},{"taxonomy":"post_tag","embeddable":true,"href":"https:\/\/consolidar.co\/index.php\/wp-json\/wp\/v2\/tags?post=2769"}],"curies":[{"name":"wp","href":"https:\/\/api.w.org\/{rel}","templated":true}]}}