{"id":2739,"date":"2023-04-09T15:36:31","date_gmt":"2023-04-09T15:36:31","guid":{"rendered":"https:\/\/consolidar.co\/?p=2739"},"modified":"2023-04-09T15:36:32","modified_gmt":"2023-04-09T15:36:32","slug":"lideres-comunitarios-inician-nuevo-proceso-formativo","status":"publish","type":"post","link":"https:\/\/consolidar.co\/index.php\/2023\/04\/09\/lideres-comunitarios-inician-nuevo-proceso-formativo\/","title":{"rendered":"L\u00edderes comunitarios inician nuevo proceso formativo"},"content":{"rendered":"\n<div style=\"height:100px\" aria-hidden=\"true\" class=\"wp-block-spacer\"><\/div>\n\n\n\n<p>EVENTOS<\/p>\n\n\n\n<p class=\"has-ast-global-color-1-color has-text-color has-x-large-font-size\"><strong>L\u00edderes comunitarios inician nuevo proceso formativo<\/strong><\/p>\n\n\n\n<div style=\"height:100px\" aria-hidden=\"true\" class=\"wp-block-spacer\"><\/div>\n\n\n\n<p>Por iniciativa de PETRONORTE, 234 pobladores de los departamentos de Santander y Cesar, participan del nuevo proceso de formaci\u00f3n 2016, que se cumple mediante el desarrollo de dos Diplomados, dirigidos a l\u00edderes y comunidad en general.<\/p>\n\n\n\n<div style=\"height:100px\" aria-hidden=\"true\" class=\"wp-block-spacer\"><\/div>\n\n\n\n<figure class=\"wp-block-image size-full is-resized\"><img loading=\"lazy\" decoding=\"async\" src=\"https:\/\/consolidar.co\/wp-content\/uploads\/2023\/04\/LideresComunitariosInicianNuevosProcesosFormativos1.jpg\" alt=\"\" class=\"wp-image-2745\" width=\"910\" height=\"503\" srcset=\"https:\/\/consolidar.co\/wp-content\/uploads\/2023\/04\/LideresComunitariosInicianNuevosProcesosFormativos1.jpg 900w, https:\/\/consolidar.co\/wp-content\/uploads\/2023\/04\/LideresComunitariosInicianNuevosProcesosFormativos1-300x166.jpg 300w, https:\/\/consolidar.co\/wp-content\/uploads\/2023\/04\/LideresComunitariosInicianNuevosProcesosFormativos1-768x424.jpg 768w\" sizes=\"auto, (max-width: 910px) 100vw, 910px\" \/><\/figure>\n\n\n\n<div style=\"height:100px\" aria-hidden=\"true\" class=\"wp-block-spacer\"><\/div>\n\n\n\n<p>Esta din\u00e1mica es impulsada por PETRONORTE desde hace 5 a\u00f1os a trav\u00e9s de cuatro Centros Formativos ubicados en San Rafael de Lebrija, San Jos\u00e9 de los Chorros, Morrison y La Banca-Torcoroma. En ellos convergen los fines de semana, hombres, mujeres, j\u00f3venes y funcionarios p\u00fablicos con un alto nivel de liderazgo en sus territorios y un pleno inter\u00e9s de capacitarse, interactuar y continuar construyendo colectivamente la visi\u00f3n de desarrollo para sus regiones.<\/p>\n\n\n\n<div style=\"height:100px\" aria-hidden=\"true\" class=\"wp-block-spacer\"><\/div>\n\n\n\n<figure class=\"wp-block-image size-full is-resized\"><img loading=\"lazy\" decoding=\"async\" src=\"https:\/\/consolidar.co\/wp-content\/uploads\/2023\/04\/LideresComunitariosInicianNuevosProcesosFormativos2.jpg\" alt=\"\" class=\"wp-image-2744\" width=\"910\" height=\"512\" srcset=\"https:\/\/consolidar.co\/wp-content\/uploads\/2023\/04\/LideresComunitariosInicianNuevosProcesosFormativos2.jpg 900w, https:\/\/consolidar.co\/wp-content\/uploads\/2023\/04\/LideresComunitariosInicianNuevosProcesosFormativos2-300x169.jpg 300w, https:\/\/consolidar.co\/wp-content\/uploads\/2023\/04\/LideresComunitariosInicianNuevosProcesosFormativos2-768x432.jpg 768w\" sizes=\"auto, (max-width: 910px) 100vw, 910px\" \/><\/figure>\n\n\n\n<div style=\"height:100px\" aria-hidden=\"true\" class=\"wp-block-spacer\"><\/div>\n\n\n\n<p>El primer diplomado se denomina \u2018GESTORES DE DESARROLLO COMUNITARIO\u2019, tiene un enfoque en el fortalecimiento de las habilidades de liderazgo y la implementaci\u00f3n de programas comunitarios, y se dicta en los cuatro Centros Formativos ya mencionados, para beneficio de 146 pobladores, quienes estudian m\u00f3dulos como competencias en comunicaci\u00f3n y negociaci\u00f3n de conflictos sociales, administraci\u00f3n de la gesti\u00f3n p\u00fablica, liderazgo para gesti\u00f3n de proyectos; ejecuci\u00f3n, evaluaci\u00f3n y seguimiento a programas sociales, as\u00ed como la inclusi\u00f3n de un m\u00f3dulo pr\u00e1ctico de ejecuci\u00f3n de programas comunitarios.<\/p>\n\n\n\n<div style=\"height:100px\" aria-hidden=\"true\" class=\"wp-block-spacer\"><\/div>\n\n\n\n<figure class=\"wp-block-image size-full is-resized\"><img loading=\"lazy\" decoding=\"async\" src=\"https:\/\/consolidar.co\/wp-content\/uploads\/2023\/04\/LideresComunitariosInicianNuevosProcesosFormativos3.jpg\" alt=\"\" class=\"wp-image-2743\" width=\"910\" height=\"512\" srcset=\"https:\/\/consolidar.co\/wp-content\/uploads\/2023\/04\/LideresComunitariosInicianNuevosProcesosFormativos3.jpg 900w, https:\/\/consolidar.co\/wp-content\/uploads\/2023\/04\/LideresComunitariosInicianNuevosProcesosFormativos3-300x169.jpg 300w, https:\/\/consolidar.co\/wp-content\/uploads\/2023\/04\/LideresComunitariosInicianNuevosProcesosFormativos3-768x432.jpg 768w\" sizes=\"auto, (max-width: 910px) 100vw, 910px\" \/><\/figure>\n\n\n\n<div style=\"height:100px\" aria-hidden=\"true\" class=\"wp-block-spacer\"><\/div>\n\n\n\n<p>\u2018FORTALECIMIENTO A LA PARTICIPACI\u00d3N Y PLANEACI\u00d3N COMUNITARIA\u2019, es el nombre del segundo diplomado, que profundiza en la planeaci\u00f3n participativa a trav\u00e9s de la formulaci\u00f3n de los Planes de Desarrollo Comunal y Comunitario \u2013PDCC y en la formulaci\u00f3n de un portafolio de proyectos. Tambi\u00e9n tiene lugar en los cuatro Centros Formativos, con l\u00edderes destacados que desde hace dos a\u00f1os participan en este proceso y que han demostrado una capacidad de incidencia en la construcci\u00f3n de desarrollo comunitario y social. Al finalizar el ciclo, sus participantes formular\u00e1n nuevos proyectos y avanzar\u00e1n en la gesti\u00f3n de las iniciativas formulados en el diplomado anterior, que se encuentran en los Bancos de Proyectos Municipales. Adem\u00e1s \u00e9ste diplomado contempla un ciclo de gesti\u00f3n conjunta con l\u00edderes que logren incorporar estrategias de relacionamiento y gesti\u00f3n de recursos en instituciones p\u00fablicas y privadas para hacer una realidad sus propuestas.<\/p>\n\n\n\n<div style=\"height:100px\" aria-hidden=\"true\" class=\"wp-block-spacer\"><\/div>\n\n\n\n<figure class=\"wp-block-image size-full is-resized\"><img loading=\"lazy\" decoding=\"async\" src=\"https:\/\/consolidar.co\/wp-content\/uploads\/2023\/04\/LideresComunitariosInicianNuevosProcesosFormativos4.jpg\" alt=\"\" class=\"wp-image-2742\" width=\"910\" height=\"512\" srcset=\"https:\/\/consolidar.co\/wp-content\/uploads\/2023\/04\/LideresComunitariosInicianNuevosProcesosFormativos4.jpg 900w, https:\/\/consolidar.co\/wp-content\/uploads\/2023\/04\/LideresComunitariosInicianNuevosProcesosFormativos4-300x169.jpg 300w, https:\/\/consolidar.co\/wp-content\/uploads\/2023\/04\/LideresComunitariosInicianNuevosProcesosFormativos4-768x432.jpg 768w\" sizes=\"auto, (max-width: 910px) 100vw, 910px\" \/><\/figure>\n\n\n\n<div style=\"height:100px\" aria-hidden=\"true\" class=\"wp-block-spacer\"><\/div>\n\n\n\n<p>Los diplomados son impulsados por PETRONORTE, PETROCARIBE y MIDAS a trav\u00e9s de becas completas, que cubren la totalidad de la matr\u00edcula, los materiales pedag\u00f3gicos de soporte y los refrigerios de los participantes en cada sesi\u00f3n. Desde el a\u00f1o anterior, la operaci\u00f3n de este proceso formativo est\u00e1 a cargo de la Corporaci\u00f3n CONSOLIDAR con el aval acad\u00e9mico de la INSTITUTO T\u00c9CNICO CONSOLIDAR I.T.C.<\/p>\n\n\n\n<div style=\"height:100px\" aria-hidden=\"true\" class=\"wp-block-spacer\"><\/div>\n\n\n\n<figure class=\"wp-block-image size-full is-resized\"><img loading=\"lazy\" decoding=\"async\" src=\"https:\/\/consolidar.co\/wp-content\/uploads\/2023\/04\/LideresComunitariosInicianNuevosProcesosFormativos5.jpg\" alt=\"\" class=\"wp-image-2741\" width=\"909\" height=\"682\" srcset=\"https:\/\/consolidar.co\/wp-content\/uploads\/2023\/04\/LideresComunitariosInicianNuevosProcesosFormativos5.jpg 900w, https:\/\/consolidar.co\/wp-content\/uploads\/2023\/04\/LideresComunitariosInicianNuevosProcesosFormativos5-300x225.jpg 300w, https:\/\/consolidar.co\/wp-content\/uploads\/2023\/04\/LideresComunitariosInicianNuevosProcesosFormativos5-768x576.jpg 768w\" sizes=\"auto, (max-width: 909px) 100vw, 909px\" \/><\/figure>\n\n\n\n<div style=\"height:100px\" aria-hidden=\"true\" class=\"wp-block-spacer\"><\/div>\n\n\n\n<figure class=\"wp-block-image size-full is-resized\"><img loading=\"lazy\" decoding=\"async\" src=\"https:\/\/consolidar.co\/wp-content\/uploads\/2023\/04\/LideresComunitariosInicianNuevosProcesosFormativos6.jpg\" alt=\"\" class=\"wp-image-2740\" width=\"909\" height=\"569\" srcset=\"https:\/\/consolidar.co\/wp-content\/uploads\/2023\/04\/LideresComunitariosInicianNuevosProcesosFormativos6.jpg 900w, https:\/\/consolidar.co\/wp-content\/uploads\/2023\/04\/LideresComunitariosInicianNuevosProcesosFormativos6-300x188.jpg 300w, https:\/\/consolidar.co\/wp-content\/uploads\/2023\/04\/LideresComunitariosInicianNuevosProcesosFormativos6-768x480.jpg 768w\" sizes=\"auto, (max-width: 909px) 100vw, 909px\" \/><\/figure>\n\n\n\n<div style=\"height:100px\" aria-hidden=\"true\" class=\"wp-block-spacer\"><\/div>\n","protected":false},"excerpt":{"rendered":"<p>EVENTOS L\u00edderes comunitarios inician nuevo proceso formativo Por iniciativa de PETRONORTE, 234 pobladores de los departamentos de Santander y Cesar, participan del nuevo proceso de formaci\u00f3n 2016, que se cumple mediante el desarrollo de dos Diplomados, dirigidos a l\u00edderes y comunidad en general. Esta din\u00e1mica es impulsada por PETRONORTE desde hace 5 a\u00f1os a trav\u00e9s &hellip;<\/p>\n<p class=\"read-more\"> <a class=\"\" href=\"https:\/\/consolidar.co\/index.php\/2023\/04\/09\/lideres-comunitarios-inician-nuevo-proceso-formativo\/\"> <span class=\"screen-reader-text\">L\u00edderes comunitarios inician nuevo proceso formativo<\/span> Leer m\u00e1s \u00bb<\/a><\/p>\n","protected":false},"author":1,"featured_media":2742,"comment_status":"open","ping_status":"open","sticky":false,"template":"","format":"standard","meta":{"site-sidebar-layout":"no-sidebar","site-content-layout":"plain-container","ast-global-header-display":"","ast-main-header-display":"","ast-hfb-above-header-display":"","ast-hfb-below-header-display":"","ast-hfb-mobile-header-display":"","site-post-title":"disabled","ast-breadcrumbs-content":"","ast-featured-img":"disabled","footer-sml-layout":"","theme-transparent-header-meta":"","adv-header-id-meta":"","stick-header-meta":"","header-above-stick-meta":"","header-main-stick-meta":"","header-below-stick-meta":"","_joinchat":[],"footnotes":""},"categories":[11],"tags":[],"class_list":["post-2739","post","type-post","status-publish","format-standard","has-post-thumbnail","hentry","category-eventos"],"yoast_head":"<!-- This site is optimized with the Yoast SEO plugin v20.4 - https:\/\/yoast.com\/wordpress\/plugins\/seo\/ -->\n<title>L\u00edderes comunitarios inician nuevo proceso formativo - Corporaci\u00f3n Consolidar<\/title>\n<meta name=\"robots\" content=\"index, follow, max-snippet:-1, max-image-preview:large, max-video-preview:-1\" \/>\n<link rel=\"canonical\" href=\"https:\/\/consolidar.co\/index.php\/2023\/04\/09\/lideres-comunitarios-inician-nuevo-proceso-formativo\/\" \/>\n<meta property=\"og:locale\" content=\"es_ES\" \/>\n<meta property=\"og:type\" content=\"article\" \/>\n<meta property=\"og:title\" content=\"L\u00edderes comunitarios inician nuevo proceso formativo - Corporaci\u00f3n Consolidar\" \/>\n<meta property=\"og:description\" content=\"EVENTOS L\u00edderes comunitarios inician nuevo proceso formativo Por iniciativa de PETRONORTE, 234 pobladores de los departamentos de Santander y Cesar, participan del nuevo proceso de formaci\u00f3n 2016, que se cumple mediante el desarrollo de dos Diplomados, dirigidos a l\u00edderes y comunidad en general. Esta din\u00e1mica es impulsada por PETRONORTE desde hace 5 a\u00f1os a trav\u00e9s &hellip; L\u00edderes comunitarios inician nuevo proceso formativo Leer m\u00e1s \u00bb\" \/>\n<meta property=\"og:url\" content=\"https:\/\/consolidar.co\/index.php\/2023\/04\/09\/lideres-comunitarios-inician-nuevo-proceso-formativo\/\" \/>\n<meta property=\"og:site_name\" content=\"Corporaci\u00f3n Consolidar\" \/>\n<meta property=\"article:published_time\" content=\"2023-04-09T15:36:31+00:00\" \/>\n<meta property=\"article:modified_time\" content=\"2023-04-09T15:36:32+00:00\" \/>\n<meta property=\"og:image\" content=\"https:\/\/consolidar.co\/wp-content\/uploads\/2023\/04\/LideresComunitariosInicianNuevosProcesosFormativos4.jpg\" \/>\n\t<meta property=\"og:image:width\" content=\"900\" \/>\n\t<meta property=\"og:image:height\" content=\"506\" \/>\n\t<meta property=\"og:image:type\" content=\"image\/jpeg\" \/>\n<meta name=\"author\" content=\"admin\" \/>\n<meta name=\"twitter:card\" content=\"summary_large_image\" \/>\n<meta name=\"twitter:label1\" content=\"Escrito por\" \/>\n\t<meta name=\"twitter:data1\" content=\"admin\" \/>\n\t<meta name=\"twitter:label2\" content=\"Tiempo de lectura\" \/>\n\t<meta name=\"twitter:data2\" content=\"4 minutos\" \/>\n<script type=\"application\/ld+json\" class=\"yoast-schema-graph\">{\"@context\":\"https:\/\/schema.org\",\"@graph\":[{\"@type\":\"Article\",\"@id\":\"https:\/\/consolidar.co\/index.php\/2023\/04\/09\/lideres-comunitarios-inician-nuevo-proceso-formativo\/#article\",\"isPartOf\":{\"@id\":\"https:\/\/consolidar.co\/index.php\/2023\/04\/09\/lideres-comunitarios-inician-nuevo-proceso-formativo\/\"},\"author\":{\"name\":\"admin\",\"@id\":\"https:\/\/consolidar.co\/#\/schema\/person\/0f3f57ed3ee49346098106e3054b3697\"},\"headline\":\"L\u00edderes comunitarios inician nuevo proceso formativo\",\"datePublished\":\"2023-04-09T15:36:31+00:00\",\"dateModified\":\"2023-04-09T15:36:32+00:00\",\"mainEntityOfPage\":{\"@id\":\"https:\/\/consolidar.co\/index.php\/2023\/04\/09\/lideres-comunitarios-inician-nuevo-proceso-formativo\/\"},\"wordCount\":456,\"commentCount\":0,\"publisher\":{\"@id\":\"https:\/\/consolidar.co\/#organization\"},\"articleSection\":[\"Eventos\"],\"inLanguage\":\"es\",\"potentialAction\":[{\"@type\":\"CommentAction\",\"name\":\"Comment\",\"target\":[\"https:\/\/consolidar.co\/index.php\/2023\/04\/09\/lideres-comunitarios-inician-nuevo-proceso-formativo\/#respond\"]}]},{\"@type\":\"WebPage\",\"@id\":\"https:\/\/consolidar.co\/index.php\/2023\/04\/09\/lideres-comunitarios-inician-nuevo-proceso-formativo\/\",\"url\":\"https:\/\/consolidar.co\/index.php\/2023\/04\/09\/lideres-comunitarios-inician-nuevo-proceso-formativo\/\",\"name\":\"L\u00edderes comunitarios inician nuevo proceso formativo - Corporaci\u00f3n Consolidar\",\"isPartOf\":{\"@id\":\"https:\/\/consolidar.co\/#website\"},\"datePublished\":\"2023-04-09T15:36:31+00:00\",\"dateModified\":\"2023-04-09T15:36:32+00:00\",\"breadcrumb\":{\"@id\":\"https:\/\/consolidar.co\/index.php\/2023\/04\/09\/lideres-comunitarios-inician-nuevo-proceso-formativo\/#breadcrumb\"},\"inLanguage\":\"es\",\"potentialAction\":[{\"@type\":\"ReadAction\",\"target\":[\"https:\/\/consolidar.co\/index.php\/2023\/04\/09\/lideres-comunitarios-inician-nuevo-proceso-formativo\/\"]}]},{\"@type\":\"BreadcrumbList\",\"@id\":\"https:\/\/consolidar.co\/index.php\/2023\/04\/09\/lideres-comunitarios-inician-nuevo-proceso-formativo\/#breadcrumb\",\"itemListElement\":[{\"@type\":\"ListItem\",\"position\":1,\"name\":\"Portada\",\"item\":\"https:\/\/consolidar.co\/\"},{\"@type\":\"ListItem\",\"position\":2,\"name\":\"L\u00edderes comunitarios inician nuevo proceso formativo\"}]},{\"@type\":\"WebSite\",\"@id\":\"https:\/\/consolidar.co\/#website\",\"url\":\"https:\/\/consolidar.co\/\",\"name\":\"Corporaci\u00f3n Consolidar\",\"description\":\"\",\"publisher\":{\"@id\":\"https:\/\/consolidar.co\/#organization\"},\"potentialAction\":[{\"@type\":\"SearchAction\",\"target\":{\"@type\":\"EntryPoint\",\"urlTemplate\":\"https:\/\/consolidar.co\/?s={search_term_string}\"},\"query-input\":\"required name=search_term_string\"}],\"inLanguage\":\"es\"},{\"@type\":\"Organization\",\"@id\":\"https:\/\/consolidar.co\/#organization\",\"name\":\"Corporaci\u00f3n Consolidar\",\"url\":\"https:\/\/consolidar.co\/\",\"logo\":{\"@type\":\"ImageObject\",\"inLanguage\":\"es\",\"@id\":\"https:\/\/consolidar.co\/#\/schema\/logo\/image\/\",\"url\":\"https:\/\/consolidar.co\/wp-content\/uploads\/2023\/03\/LogoPrincipalSvg650x220.svg\",\"contentUrl\":\"https:\/\/consolidar.co\/wp-content\/uploads\/2023\/03\/LogoPrincipalSvg650x220.svg\",\"width\":650,\"height\":220,\"caption\":\"Corporaci\u00f3n Consolidar\"},\"image\":{\"@id\":\"https:\/\/consolidar.co\/#\/schema\/logo\/image\/\"}},{\"@type\":\"Person\",\"@id\":\"https:\/\/consolidar.co\/#\/schema\/person\/0f3f57ed3ee49346098106e3054b3697\",\"name\":\"admin\",\"image\":{\"@type\":\"ImageObject\",\"inLanguage\":\"es\",\"@id\":\"https:\/\/consolidar.co\/#\/schema\/person\/image\/\",\"url\":\"https:\/\/secure.gravatar.com\/avatar\/880329aa74996890aeda9d0146ca46c5fdf56e309433926d54bc09c7bfd25644?s=96&d=mm&r=g\",\"contentUrl\":\"https:\/\/secure.gravatar.com\/avatar\/880329aa74996890aeda9d0146ca46c5fdf56e309433926d54bc09c7bfd25644?s=96&d=mm&r=g\",\"caption\":\"admin\"},\"sameAs\":[\"https:\/\/consolidar.co\"],\"url\":\"https:\/\/consolidar.co\/index.php\/author\/admin_e4p69jrs\/\"}]}<\/script>\n<!-- \/ Yoast SEO plugin. -->","yoast_head_json":{"title":"L\u00edderes comunitarios inician nuevo proceso formativo - Corporaci\u00f3n Consolidar","robots":{"index":"index","follow":"follow","max-snippet":"max-snippet:-1","max-image-preview":"max-image-preview:large","max-video-preview":"max-video-preview:-1"},"canonical":"https:\/\/consolidar.co\/index.php\/2023\/04\/09\/lideres-comunitarios-inician-nuevo-proceso-formativo\/","og_locale":"es_ES","og_type":"article","og_title":"L\u00edderes comunitarios inician nuevo proceso formativo - Corporaci\u00f3n Consolidar","og_description":"EVENTOS L\u00edderes comunitarios inician nuevo proceso formativo Por iniciativa de PETRONORTE, 234 pobladores de los departamentos de Santander y Cesar, participan del nuevo proceso de formaci\u00f3n 2016, que se cumple mediante el desarrollo de dos Diplomados, dirigidos a l\u00edderes y comunidad en general. Esta din\u00e1mica es impulsada por PETRONORTE desde hace 5 a\u00f1os a trav\u00e9s &hellip; L\u00edderes comunitarios inician nuevo proceso formativo Leer m\u00e1s \u00bb","og_url":"https:\/\/consolidar.co\/index.php\/2023\/04\/09\/lideres-comunitarios-inician-nuevo-proceso-formativo\/","og_site_name":"Corporaci\u00f3n Consolidar","article_published_time":"2023-04-09T15:36:31+00:00","article_modified_time":"2023-04-09T15:36:32+00:00","og_image":[{"width":900,"height":506,"url":"https:\/\/consolidar.co\/wp-content\/uploads\/2023\/04\/LideresComunitariosInicianNuevosProcesosFormativos4.jpg","type":"image\/jpeg"}],"author":"admin","twitter_card":"summary_large_image","twitter_misc":{"Escrito por":"admin","Tiempo de lectura":"4 minutos"},"schema":{"@context":"https:\/\/schema.org","@graph":[{"@type":"Article","@id":"https:\/\/consolidar.co\/index.php\/2023\/04\/09\/lideres-comunitarios-inician-nuevo-proceso-formativo\/#article","isPartOf":{"@id":"https:\/\/consolidar.co\/index.php\/2023\/04\/09\/lideres-comunitarios-inician-nuevo-proceso-formativo\/"},"author":{"name":"admin","@id":"https:\/\/consolidar.co\/#\/schema\/person\/0f3f57ed3ee49346098106e3054b3697"},"headline":"L\u00edderes comunitarios inician nuevo proceso formativo","datePublished":"2023-04-09T15:36:31+00:00","dateModified":"2023-04-09T15:36:32+00:00","mainEntityOfPage":{"@id":"https:\/\/consolidar.co\/index.php\/2023\/04\/09\/lideres-comunitarios-inician-nuevo-proceso-formativo\/"},"wordCount":456,"commentCount":0,"publisher":{"@id":"https:\/\/consolidar.co\/#organization"},"articleSection":["Eventos"],"inLanguage":"es","potentialAction":[{"@type":"CommentAction","name":"Comment","target":["https:\/\/consolidar.co\/index.php\/2023\/04\/09\/lideres-comunitarios-inician-nuevo-proceso-formativo\/#respond"]}]},{"@type":"WebPage","@id":"https:\/\/consolidar.co\/index.php\/2023\/04\/09\/lideres-comunitarios-inician-nuevo-proceso-formativo\/","url":"https:\/\/consolidar.co\/index.php\/2023\/04\/09\/lideres-comunitarios-inician-nuevo-proceso-formativo\/","name":"L\u00edderes comunitarios inician nuevo proceso formativo - Corporaci\u00f3n Consolidar","isPartOf":{"@id":"https:\/\/consolidar.co\/#website"},"datePublished":"2023-04-09T15:36:31+00:00","dateModified":"2023-04-09T15:36:32+00:00","breadcrumb":{"@id":"https:\/\/consolidar.co\/index.php\/2023\/04\/09\/lideres-comunitarios-inician-nuevo-proceso-formativo\/#breadcrumb"},"inLanguage":"es","potentialAction":[{"@type":"ReadAction","target":["https:\/\/consolidar.co\/index.php\/2023\/04\/09\/lideres-comunitarios-inician-nuevo-proceso-formativo\/"]}]},{"@type":"BreadcrumbList","@id":"https:\/\/consolidar.co\/index.php\/2023\/04\/09\/lideres-comunitarios-inician-nuevo-proceso-formativo\/#breadcrumb","itemListElement":[{"@type":"ListItem","position":1,"name":"Portada","item":"https:\/\/consolidar.co\/"},{"@type":"ListItem","position":2,"name":"L\u00edderes comunitarios inician nuevo proceso formativo"}]},{"@type":"WebSite","@id":"https:\/\/consolidar.co\/#website","url":"https:\/\/consolidar.co\/","name":"Corporaci\u00f3n Consolidar","description":"","publisher":{"@id":"https:\/\/consolidar.co\/#organization"},"potentialAction":[{"@type":"SearchAction","target":{"@type":"EntryPoint","urlTemplate":"https:\/\/consolidar.co\/?s={search_term_string}"},"query-input":"required name=search_term_string"}],"inLanguage":"es"},{"@type":"Organization","@id":"https:\/\/consolidar.co\/#organization","name":"Corporaci\u00f3n Consolidar","url":"https:\/\/consolidar.co\/","logo":{"@type":"ImageObject","inLanguage":"es","@id":"https:\/\/consolidar.co\/#\/schema\/logo\/image\/","url":"https:\/\/consolidar.co\/wp-content\/uploads\/2023\/03\/LogoPrincipalSvg650x220.svg","contentUrl":"https:\/\/consolidar.co\/wp-content\/uploads\/2023\/03\/LogoPrincipalSvg650x220.svg","width":650,"height":220,"caption":"Corporaci\u00f3n Consolidar"},"image":{"@id":"https:\/\/consolidar.co\/#\/schema\/logo\/image\/"}},{"@type":"Person","@id":"https:\/\/consolidar.co\/#\/schema\/person\/0f3f57ed3ee49346098106e3054b3697","name":"admin","image":{"@type":"ImageObject","inLanguage":"es","@id":"https:\/\/consolidar.co\/#\/schema\/person\/image\/","url":"https:\/\/secure.gravatar.com\/avatar\/880329aa74996890aeda9d0146ca46c5fdf56e309433926d54bc09c7bfd25644?s=96&d=mm&r=g","contentUrl":"https:\/\/secure.gravatar.com\/avatar\/880329aa74996890aeda9d0146ca46c5fdf56e309433926d54bc09c7bfd25644?s=96&d=mm&r=g","caption":"admin"},"sameAs":["https:\/\/consolidar.co"],"url":"https:\/\/consolidar.co\/index.php\/author\/admin_e4p69jrs\/"}]}},"_links":{"self":[{"href":"https:\/\/consolidar.co\/index.php\/wp-json\/wp\/v2\/posts\/2739","targetHints":{"allow":["GET"]}}],"collection":[{"href":"https:\/\/consolidar.co\/index.php\/wp-json\/wp\/v2\/posts"}],"about":[{"href":"https:\/\/consolidar.co\/index.php\/wp-json\/wp\/v2\/types\/post"}],"author":[{"embeddable":true,"href":"https:\/\/consolidar.co\/index.php\/wp-json\/wp\/v2\/users\/1"}],"replies":[{"embeddable":true,"href":"https:\/\/consolidar.co\/index.php\/wp-json\/wp\/v2\/comments?post=2739"}],"version-history":[{"count":1,"href":"https:\/\/consolidar.co\/index.php\/wp-json\/wp\/v2\/posts\/2739\/revisions"}],"predecessor-version":[{"id":2746,"href":"https:\/\/consolidar.co\/index.php\/wp-json\/wp\/v2\/posts\/2739\/revisions\/2746"}],"wp:featuredmedia":[{"embeddable":true,"href":"https:\/\/consolidar.co\/index.php\/wp-json\/wp\/v2\/media\/2742"}],"wp:attachment":[{"href":"https:\/\/consolidar.co\/index.php\/wp-json\/wp\/v2\/media?parent=2739"}],"wp:term":[{"taxonomy":"category","embeddable":true,"href":"https:\/\/consolidar.co\/index.php\/wp-json\/wp\/v2\/categories?post=2739"},{"taxonomy":"post_tag","embeddable":true,"href":"https:\/\/consolidar.co\/index.php\/wp-json\/wp\/v2\/tags?post=2739"}],"curies":[{"name":"wp","href":"https:\/\/api.w.org\/{rel}","templated":true}]}}