{"id":2731,"date":"2023-04-09T15:01:34","date_gmt":"2023-04-09T15:01:34","guid":{"rendered":"https:\/\/consolidar.co\/?p=2731"},"modified":"2023-04-09T15:01:35","modified_gmt":"2023-04-09T15:01:35","slug":"seis-comunidades-en-cinta","status":"publish","type":"post","link":"https:\/\/consolidar.co\/index.php\/2023\/04\/09\/seis-comunidades-en-cinta\/","title":{"rendered":"Seis comunidades \u2018en cinta\u2019"},"content":{"rendered":"\n<div style=\"height:100px\" aria-hidden=\"true\" class=\"wp-block-spacer\"><\/div>\n\n\n\n<p>EVENTOS<\/p>\n\n\n\n<p class=\"has-ast-global-color-1-color has-text-color has-x-large-font-size\"><strong>Seis comunidades \u2018en cinta\u2019<\/strong><\/p>\n\n\n\n<div style=\"height:100px\" aria-hidden=\"true\" class=\"wp-block-spacer\"><\/div>\n\n\n\n<p>Con \u00e9xito culminaron las actividades acad\u00e9micas del Curso en elaboraci\u00f3n de videos aficionados en seis comunidades del \u00e1rea de influencia directa de los trabajos de PETRONORTE en el Magdalena Medio. M\u00e1s de 80 pobladores, en su mayor\u00eda j\u00f3venes, se motivaron con la convocatoria hecha por la empresa y aprobaron el curso te\u00f3rico-pr\u00e1ctico que desarroll\u00f3 el ITC en sus territorios.<\/p>\n\n\n\n<figure class=\"wp-block-image size-full is-resized\"><img loading=\"lazy\" decoding=\"async\" src=\"https:\/\/consolidar.co\/wp-content\/uploads\/2023\/04\/encinta1.png\" alt=\"\" class=\"wp-image-2733\" width=\"910\" height=\"479\" srcset=\"https:\/\/consolidar.co\/wp-content\/uploads\/2023\/04\/encinta1.png 589w, https:\/\/consolidar.co\/wp-content\/uploads\/2023\/04\/encinta1-300x158.png 300w\" sizes=\"auto, (max-width: 910px) 100vw, 910px\" \/><\/figure>\n\n\n\n<div style=\"height:100px\" aria-hidden=\"true\" class=\"wp-block-spacer\"><\/div>\n\n\n\n<p>Una vez m\u00e1s, PETRONORTE llev\u00f3 la academia hasta el campo. Con c\u00e1maras profesionales, equipos y programas de edici\u00f3n audiovisual no lineal y m\u00f3dulos especializados en la tem\u00e1tica, llegaron los Instructores hasta los corregimientos San Jos\u00e9 de los Chorros, Papayal, San Rafael de Lebrija, La Llana, La Banca Torcoroma y Morrison.<\/p>\n\n\n\n<p>En el marco del curso, los participantes, literalmente \u201cse tomaron\u201d sus territorios con c\u00e1mara y micr\u00f3fono en mano, para registrar aspectos de la vida cotidiana, recabar la memoria hist\u00f3rica de sus pobladores y obtener voces e im\u00e1genes que plasman sus sue\u00f1os, sus esperanzas, sus preocupaciones y muchos aspectos que los llenan de orgullo como habitantes de estos parajes con amplio potencial de desarrollo regional, en el sur del Cesar y el Occidente de Santander.<\/p>\n\n\n\n<div style=\"height:100px\" aria-hidden=\"true\" class=\"wp-block-spacer\"><\/div>\n\n\n\n<figure class=\"wp-block-image size-full is-resized\"><img loading=\"lazy\" decoding=\"async\" src=\"https:\/\/consolidar.co\/wp-content\/uploads\/2023\/04\/encinta2.png\" alt=\"\" class=\"wp-image-2732\" width=\"910\" height=\"616\" srcset=\"https:\/\/consolidar.co\/wp-content\/uploads\/2023\/04\/encinta2.png 319w, https:\/\/consolidar.co\/wp-content\/uploads\/2023\/04\/encinta2-300x203.png 300w\" sizes=\"auto, (max-width: 910px) 100vw, 910px\" \/><\/figure>\n\n\n\n<div style=\"height:100px\" aria-hidden=\"true\" class=\"wp-block-spacer\"><\/div>\n\n\n\n<p>El fuerte \u00e9nfasis pr\u00e1ctico del curso, permiti\u00f3 resultados asombrosos: cada uno de los 6 centros formativos, logr\u00f3 producir integralmente y de manera colectiva, un cortometraje con centralidad en la recuperaci\u00f3n de valores, la promoci\u00f3n del territorio y el desarrollo comunitario. Los formatos logrados, son diversos, pues van desde el documental, hasta la novela y la comedia, todos con sello 100% regional.<\/p>\n\n\n\n<p>El fuerte \u00e9nfasis pr\u00e1ctico del curso, permiti\u00f3 resultados asombrosos: cada uno de los 6 centros formativos, logr\u00f3 producir integralmente y de manera colectiva, un cortometraje con centralidad en la recuperaci\u00f3n de valores, la promoci\u00f3n del territorio y el desarrollo comunitario. Los formatos logrados, son diversos, pues van desde el documental, hasta la novela y la comedia, todos con sello 100% regional.<\/p>\n\n\n\n<p>Con el proceso formativo certificado acad\u00e9micamente por el Instituto T\u00e9cnico Consolidar, ITC, se lograron instalar seis grupos de trabajo, con capacidades para elaborar videos aficionados en sus comunidades, los cuales se articulan con la apuesta que PETRONORTE tiene en funcionamiento desde hace dos a\u00f1os, denominada CINE AL PARQUE; la cual cuenta con equipos de proyecci\u00f3n comunitaria. Con la articulaci\u00f3n de las dos estrategias, estos corregimientos de Rio de Oro, San Mart\u00edn, San Alberto y Rionegro, consolidan valiosas herramientas para procesos comunicativos ciudadanos.<\/p>\n\n\n\n<p><\/p>\n","protected":false},"excerpt":{"rendered":"<p>EVENTOS Seis comunidades \u2018en cinta\u2019 Con \u00e9xito culminaron las actividades acad\u00e9micas del Curso en elaboraci\u00f3n de videos aficionados en seis comunidades del \u00e1rea de influencia directa de los trabajos de PETRONORTE en el Magdalena Medio. M\u00e1s de 80 pobladores, en su mayor\u00eda j\u00f3venes, se motivaron con la convocatoria hecha por la empresa y aprobaron el &hellip;<\/p>\n<p class=\"read-more\"> <a class=\"\" href=\"https:\/\/consolidar.co\/index.php\/2023\/04\/09\/seis-comunidades-en-cinta\/\"> <span class=\"screen-reader-text\">Seis comunidades \u2018en cinta\u2019<\/span> Leer m\u00e1s \u00bb<\/a><\/p>\n","protected":false},"author":1,"featured_media":2733,"comment_status":"open","ping_status":"open","sticky":false,"template":"","format":"standard","meta":{"site-sidebar-layout":"no-sidebar","site-content-layout":"plain-container","ast-global-header-display":"","ast-main-header-display":"","ast-hfb-above-header-display":"","ast-hfb-below-header-display":"","ast-hfb-mobile-header-display":"","site-post-title":"disabled","ast-breadcrumbs-content":"","ast-featured-img":"disabled","footer-sml-layout":"","theme-transparent-header-meta":"","adv-header-id-meta":"","stick-header-meta":"","header-above-stick-meta":"","header-main-stick-meta":"","header-below-stick-meta":"","_joinchat":[],"footnotes":""},"categories":[11],"tags":[],"class_list":["post-2731","post","type-post","status-publish","format-standard","has-post-thumbnail","hentry","category-eventos"],"yoast_head":"<!-- This site is optimized with the Yoast SEO plugin v20.4 - https:\/\/yoast.com\/wordpress\/plugins\/seo\/ -->\n<title>Seis comunidades \u2018en cinta\u2019 - Corporaci\u00f3n Consolidar<\/title>\n<meta name=\"robots\" content=\"index, follow, max-snippet:-1, max-image-preview:large, max-video-preview:-1\" \/>\n<link rel=\"canonical\" href=\"https:\/\/consolidar.co\/index.php\/2023\/04\/09\/seis-comunidades-en-cinta\/\" \/>\n<meta property=\"og:locale\" content=\"es_ES\" \/>\n<meta property=\"og:type\" content=\"article\" \/>\n<meta property=\"og:title\" content=\"Seis comunidades \u2018en cinta\u2019 - Corporaci\u00f3n Consolidar\" \/>\n<meta property=\"og:description\" content=\"EVENTOS Seis comunidades \u2018en cinta\u2019 Con \u00e9xito culminaron las actividades acad\u00e9micas del Curso en elaboraci\u00f3n de videos aficionados en seis comunidades del \u00e1rea de influencia directa de los trabajos de PETRONORTE en el Magdalena Medio. M\u00e1s de 80 pobladores, en su mayor\u00eda j\u00f3venes, se motivaron con la convocatoria hecha por la empresa y aprobaron el &hellip; Seis comunidades \u2018en cinta\u2019 Leer m\u00e1s \u00bb\" \/>\n<meta property=\"og:url\" content=\"https:\/\/consolidar.co\/index.php\/2023\/04\/09\/seis-comunidades-en-cinta\/\" \/>\n<meta property=\"og:site_name\" content=\"Corporaci\u00f3n Consolidar\" \/>\n<meta property=\"article:published_time\" content=\"2023-04-09T15:01:34+00:00\" \/>\n<meta property=\"article:modified_time\" content=\"2023-04-09T15:01:35+00:00\" \/>\n<meta property=\"og:image\" content=\"https:\/\/consolidar.co\/wp-content\/uploads\/2023\/04\/encinta1.png\" \/>\n\t<meta property=\"og:image:width\" content=\"589\" \/>\n\t<meta property=\"og:image:height\" content=\"310\" \/>\n\t<meta property=\"og:image:type\" content=\"image\/png\" \/>\n<meta name=\"author\" content=\"admin\" \/>\n<meta name=\"twitter:card\" content=\"summary_large_image\" \/>\n<meta name=\"twitter:label1\" content=\"Escrito por\" \/>\n\t<meta name=\"twitter:data1\" content=\"admin\" \/>\n\t<meta name=\"twitter:label2\" content=\"Tiempo de lectura\" \/>\n\t<meta name=\"twitter:data2\" content=\"3 minutos\" \/>\n<script type=\"application\/ld+json\" class=\"yoast-schema-graph\">{\"@context\":\"https:\/\/schema.org\",\"@graph\":[{\"@type\":\"Article\",\"@id\":\"https:\/\/consolidar.co\/index.php\/2023\/04\/09\/seis-comunidades-en-cinta\/#article\",\"isPartOf\":{\"@id\":\"https:\/\/consolidar.co\/index.php\/2023\/04\/09\/seis-comunidades-en-cinta\/\"},\"author\":{\"name\":\"admin\",\"@id\":\"https:\/\/consolidar.co\/#\/schema\/person\/0f3f57ed3ee49346098106e3054b3697\"},\"headline\":\"Seis comunidades \u2018en cinta\u2019\",\"datePublished\":\"2023-04-09T15:01:34+00:00\",\"dateModified\":\"2023-04-09T15:01:35+00:00\",\"mainEntityOfPage\":{\"@id\":\"https:\/\/consolidar.co\/index.php\/2023\/04\/09\/seis-comunidades-en-cinta\/\"},\"wordCount\":420,\"commentCount\":0,\"publisher\":{\"@id\":\"https:\/\/consolidar.co\/#organization\"},\"articleSection\":[\"Eventos\"],\"inLanguage\":\"es\",\"potentialAction\":[{\"@type\":\"CommentAction\",\"name\":\"Comment\",\"target\":[\"https:\/\/consolidar.co\/index.php\/2023\/04\/09\/seis-comunidades-en-cinta\/#respond\"]}]},{\"@type\":\"WebPage\",\"@id\":\"https:\/\/consolidar.co\/index.php\/2023\/04\/09\/seis-comunidades-en-cinta\/\",\"url\":\"https:\/\/consolidar.co\/index.php\/2023\/04\/09\/seis-comunidades-en-cinta\/\",\"name\":\"Seis comunidades \u2018en cinta\u2019 - Corporaci\u00f3n Consolidar\",\"isPartOf\":{\"@id\":\"https:\/\/consolidar.co\/#website\"},\"datePublished\":\"2023-04-09T15:01:34+00:00\",\"dateModified\":\"2023-04-09T15:01:35+00:00\",\"breadcrumb\":{\"@id\":\"https:\/\/consolidar.co\/index.php\/2023\/04\/09\/seis-comunidades-en-cinta\/#breadcrumb\"},\"inLanguage\":\"es\",\"potentialAction\":[{\"@type\":\"ReadAction\",\"target\":[\"https:\/\/consolidar.co\/index.php\/2023\/04\/09\/seis-comunidades-en-cinta\/\"]}]},{\"@type\":\"BreadcrumbList\",\"@id\":\"https:\/\/consolidar.co\/index.php\/2023\/04\/09\/seis-comunidades-en-cinta\/#breadcrumb\",\"itemListElement\":[{\"@type\":\"ListItem\",\"position\":1,\"name\":\"Portada\",\"item\":\"https:\/\/consolidar.co\/\"},{\"@type\":\"ListItem\",\"position\":2,\"name\":\"Seis comunidades \u2018en cinta\u2019\"}]},{\"@type\":\"WebSite\",\"@id\":\"https:\/\/consolidar.co\/#website\",\"url\":\"https:\/\/consolidar.co\/\",\"name\":\"Corporaci\u00f3n Consolidar\",\"description\":\"\",\"publisher\":{\"@id\":\"https:\/\/consolidar.co\/#organization\"},\"potentialAction\":[{\"@type\":\"SearchAction\",\"target\":{\"@type\":\"EntryPoint\",\"urlTemplate\":\"https:\/\/consolidar.co\/?s={search_term_string}\"},\"query-input\":\"required name=search_term_string\"}],\"inLanguage\":\"es\"},{\"@type\":\"Organization\",\"@id\":\"https:\/\/consolidar.co\/#organization\",\"name\":\"Corporaci\u00f3n Consolidar\",\"url\":\"https:\/\/consolidar.co\/\",\"logo\":{\"@type\":\"ImageObject\",\"inLanguage\":\"es\",\"@id\":\"https:\/\/consolidar.co\/#\/schema\/logo\/image\/\",\"url\":\"https:\/\/consolidar.co\/wp-content\/uploads\/2023\/03\/LogoPrincipalSvg650x220.svg\",\"contentUrl\":\"https:\/\/consolidar.co\/wp-content\/uploads\/2023\/03\/LogoPrincipalSvg650x220.svg\",\"width\":650,\"height\":220,\"caption\":\"Corporaci\u00f3n Consolidar\"},\"image\":{\"@id\":\"https:\/\/consolidar.co\/#\/schema\/logo\/image\/\"}},{\"@type\":\"Person\",\"@id\":\"https:\/\/consolidar.co\/#\/schema\/person\/0f3f57ed3ee49346098106e3054b3697\",\"name\":\"admin\",\"image\":{\"@type\":\"ImageObject\",\"inLanguage\":\"es\",\"@id\":\"https:\/\/consolidar.co\/#\/schema\/person\/image\/\",\"url\":\"https:\/\/secure.gravatar.com\/avatar\/880329aa74996890aeda9d0146ca46c5fdf56e309433926d54bc09c7bfd25644?s=96&d=mm&r=g\",\"contentUrl\":\"https:\/\/secure.gravatar.com\/avatar\/880329aa74996890aeda9d0146ca46c5fdf56e309433926d54bc09c7bfd25644?s=96&d=mm&r=g\",\"caption\":\"admin\"},\"sameAs\":[\"https:\/\/consolidar.co\"],\"url\":\"https:\/\/consolidar.co\/index.php\/author\/admin_e4p69jrs\/\"}]}<\/script>\n<!-- \/ Yoast SEO plugin. -->","yoast_head_json":{"title":"Seis comunidades \u2018en cinta\u2019 - Corporaci\u00f3n Consolidar","robots":{"index":"index","follow":"follow","max-snippet":"max-snippet:-1","max-image-preview":"max-image-preview:large","max-video-preview":"max-video-preview:-1"},"canonical":"https:\/\/consolidar.co\/index.php\/2023\/04\/09\/seis-comunidades-en-cinta\/","og_locale":"es_ES","og_type":"article","og_title":"Seis comunidades \u2018en cinta\u2019 - Corporaci\u00f3n Consolidar","og_description":"EVENTOS Seis comunidades \u2018en cinta\u2019 Con \u00e9xito culminaron las actividades acad\u00e9micas del Curso en elaboraci\u00f3n de videos aficionados en seis comunidades del \u00e1rea de influencia directa de los trabajos de PETRONORTE en el Magdalena Medio. M\u00e1s de 80 pobladores, en su mayor\u00eda j\u00f3venes, se motivaron con la convocatoria hecha por la empresa y aprobaron el &hellip; Seis comunidades \u2018en cinta\u2019 Leer m\u00e1s \u00bb","og_url":"https:\/\/consolidar.co\/index.php\/2023\/04\/09\/seis-comunidades-en-cinta\/","og_site_name":"Corporaci\u00f3n Consolidar","article_published_time":"2023-04-09T15:01:34+00:00","article_modified_time":"2023-04-09T15:01:35+00:00","og_image":[{"width":589,"height":310,"url":"https:\/\/consolidar.co\/wp-content\/uploads\/2023\/04\/encinta1.png","type":"image\/png"}],"author":"admin","twitter_card":"summary_large_image","twitter_misc":{"Escrito por":"admin","Tiempo de lectura":"3 minutos"},"schema":{"@context":"https:\/\/schema.org","@graph":[{"@type":"Article","@id":"https:\/\/consolidar.co\/index.php\/2023\/04\/09\/seis-comunidades-en-cinta\/#article","isPartOf":{"@id":"https:\/\/consolidar.co\/index.php\/2023\/04\/09\/seis-comunidades-en-cinta\/"},"author":{"name":"admin","@id":"https:\/\/consolidar.co\/#\/schema\/person\/0f3f57ed3ee49346098106e3054b3697"},"headline":"Seis comunidades \u2018en cinta\u2019","datePublished":"2023-04-09T15:01:34+00:00","dateModified":"2023-04-09T15:01:35+00:00","mainEntityOfPage":{"@id":"https:\/\/consolidar.co\/index.php\/2023\/04\/09\/seis-comunidades-en-cinta\/"},"wordCount":420,"commentCount":0,"publisher":{"@id":"https:\/\/consolidar.co\/#organization"},"articleSection":["Eventos"],"inLanguage":"es","potentialAction":[{"@type":"CommentAction","name":"Comment","target":["https:\/\/consolidar.co\/index.php\/2023\/04\/09\/seis-comunidades-en-cinta\/#respond"]}]},{"@type":"WebPage","@id":"https:\/\/consolidar.co\/index.php\/2023\/04\/09\/seis-comunidades-en-cinta\/","url":"https:\/\/consolidar.co\/index.php\/2023\/04\/09\/seis-comunidades-en-cinta\/","name":"Seis comunidades \u2018en cinta\u2019 - Corporaci\u00f3n Consolidar","isPartOf":{"@id":"https:\/\/consolidar.co\/#website"},"datePublished":"2023-04-09T15:01:34+00:00","dateModified":"2023-04-09T15:01:35+00:00","breadcrumb":{"@id":"https:\/\/consolidar.co\/index.php\/2023\/04\/09\/seis-comunidades-en-cinta\/#breadcrumb"},"inLanguage":"es","potentialAction":[{"@type":"ReadAction","target":["https:\/\/consolidar.co\/index.php\/2023\/04\/09\/seis-comunidades-en-cinta\/"]}]},{"@type":"BreadcrumbList","@id":"https:\/\/consolidar.co\/index.php\/2023\/04\/09\/seis-comunidades-en-cinta\/#breadcrumb","itemListElement":[{"@type":"ListItem","position":1,"name":"Portada","item":"https:\/\/consolidar.co\/"},{"@type":"ListItem","position":2,"name":"Seis comunidades \u2018en cinta\u2019"}]},{"@type":"WebSite","@id":"https:\/\/consolidar.co\/#website","url":"https:\/\/consolidar.co\/","name":"Corporaci\u00f3n Consolidar","description":"","publisher":{"@id":"https:\/\/consolidar.co\/#organization"},"potentialAction":[{"@type":"SearchAction","target":{"@type":"EntryPoint","urlTemplate":"https:\/\/consolidar.co\/?s={search_term_string}"},"query-input":"required name=search_term_string"}],"inLanguage":"es"},{"@type":"Organization","@id":"https:\/\/consolidar.co\/#organization","name":"Corporaci\u00f3n Consolidar","url":"https:\/\/consolidar.co\/","logo":{"@type":"ImageObject","inLanguage":"es","@id":"https:\/\/consolidar.co\/#\/schema\/logo\/image\/","url":"https:\/\/consolidar.co\/wp-content\/uploads\/2023\/03\/LogoPrincipalSvg650x220.svg","contentUrl":"https:\/\/consolidar.co\/wp-content\/uploads\/2023\/03\/LogoPrincipalSvg650x220.svg","width":650,"height":220,"caption":"Corporaci\u00f3n Consolidar"},"image":{"@id":"https:\/\/consolidar.co\/#\/schema\/logo\/image\/"}},{"@type":"Person","@id":"https:\/\/consolidar.co\/#\/schema\/person\/0f3f57ed3ee49346098106e3054b3697","name":"admin","image":{"@type":"ImageObject","inLanguage":"es","@id":"https:\/\/consolidar.co\/#\/schema\/person\/image\/","url":"https:\/\/secure.gravatar.com\/avatar\/880329aa74996890aeda9d0146ca46c5fdf56e309433926d54bc09c7bfd25644?s=96&d=mm&r=g","contentUrl":"https:\/\/secure.gravatar.com\/avatar\/880329aa74996890aeda9d0146ca46c5fdf56e309433926d54bc09c7bfd25644?s=96&d=mm&r=g","caption":"admin"},"sameAs":["https:\/\/consolidar.co"],"url":"https:\/\/consolidar.co\/index.php\/author\/admin_e4p69jrs\/"}]}},"_links":{"self":[{"href":"https:\/\/consolidar.co\/index.php\/wp-json\/wp\/v2\/posts\/2731","targetHints":{"allow":["GET"]}}],"collection":[{"href":"https:\/\/consolidar.co\/index.php\/wp-json\/wp\/v2\/posts"}],"about":[{"href":"https:\/\/consolidar.co\/index.php\/wp-json\/wp\/v2\/types\/post"}],"author":[{"embeddable":true,"href":"https:\/\/consolidar.co\/index.php\/wp-json\/wp\/v2\/users\/1"}],"replies":[{"embeddable":true,"href":"https:\/\/consolidar.co\/index.php\/wp-json\/wp\/v2\/comments?post=2731"}],"version-history":[{"count":1,"href":"https:\/\/consolidar.co\/index.php\/wp-json\/wp\/v2\/posts\/2731\/revisions"}],"predecessor-version":[{"id":2734,"href":"https:\/\/consolidar.co\/index.php\/wp-json\/wp\/v2\/posts\/2731\/revisions\/2734"}],"wp:featuredmedia":[{"embeddable":true,"href":"https:\/\/consolidar.co\/index.php\/wp-json\/wp\/v2\/media\/2733"}],"wp:attachment":[{"href":"https:\/\/consolidar.co\/index.php\/wp-json\/wp\/v2\/media?parent=2731"}],"wp:term":[{"taxonomy":"category","embeddable":true,"href":"https:\/\/consolidar.co\/index.php\/wp-json\/wp\/v2\/categories?post=2731"},{"taxonomy":"post_tag","embeddable":true,"href":"https:\/\/consolidar.co\/index.php\/wp-json\/wp\/v2\/tags?post=2731"}],"curies":[{"name":"wp","href":"https:\/\/api.w.org\/{rel}","templated":true}]}}