{"id":2697,"date":"2023-04-08T22:10:44","date_gmt":"2023-04-08T22:10:44","guid":{"rendered":"https:\/\/consolidar.co\/?p=2697"},"modified":"2023-04-09T14:53:41","modified_gmt":"2023-04-09T14:53:41","slug":"finaliza-diplomado-de-formulacion-de-proyectos-enfoque-pmi","status":"publish","type":"post","link":"https:\/\/consolidar.co\/index.php\/2023\/04\/08\/finaliza-diplomado-de-formulacion-de-proyectos-enfoque-pmi\/","title":{"rendered":"Finaliza diplomado de formulaci\u00f3n de proyectos enfoque PMI"},"content":{"rendered":"\n<p class=\"has-ast-global-color-1-color has-text-color has-x-large-font-size\"><strong>Finaliza diplomado de formulaci\u00f3n de proyectos enfoque PMI<\/strong><\/p>\n\n\n\n<p>EVENTO<\/p>\n\n\n\n<div style=\"height:100px\" aria-hidden=\"true\" class=\"wp-block-spacer\"><\/div>\n\n\n\n<figure class=\"wp-block-image size-full is-resized\"><img loading=\"lazy\" decoding=\"async\" src=\"https:\/\/consolidar.co\/wp-content\/uploads\/2023\/03\/Sharebox-juny-2016-4.jpg\" alt=\"\" class=\"wp-image-1416\" width=\"911\" height=\"680\" srcset=\"https:\/\/consolidar.co\/wp-content\/uploads\/2023\/03\/Sharebox-juny-2016-4.jpg 710w, https:\/\/consolidar.co\/wp-content\/uploads\/2023\/03\/Sharebox-juny-2016-4-300x224.jpg 300w\" sizes=\"auto, (max-width: 911px) 100vw, 911px\" \/><\/figure>\n\n\n\n<p>Se culmin\u00f3 en el marco del convenio 0698-14 de alcald\u00eda en Movimiento, al diplomado \u201cGesti\u00f3n de proyectos con enfoque PMI\u201d avalado por la UIS, con una intensidad de 98 horas, el cual hace parte de la formaci\u00f3n urbana a l\u00edderes comunitarios, contemplada en dicho convenio, en la que se formaron 25 l\u00edderes de diferentes entidades de la ciudad.<\/p>\n\n\n\n<p>Se culmin\u00f3 en el marco del convenio 0698-14 de alcald\u00eda en Movimiento, al diplomado \u201cGesti\u00f3n de proyectos con enfoque PMI\u201d avalado por la UIS, con una intensidad de 98 horas, el cual hace parte de la formaci\u00f3n urbana a l\u00edderes comunitarios, contemplada en dicho convenio, en la que se formaron 25 l\u00edderes de diferentes entidades de la ciudad.<\/p>\n\n\n\n<p>El 20 de mayo, se inici\u00f3 el diplomado, seg\u00fan lo planeado, dict\u00e1ndose 4,5 horas de formaci\u00f3n en el tema de Fundamentos de la Gesti\u00f3n de proyectos, por parte del formador Edgar S\u00e1nchez, catedr\u00e1tico de la UIS.<\/p>\n\n\n\n<p>El 21 de mayo se efectu\u00f3 la capacitaci\u00f3n del diplomado cuyo tema fue Gesti\u00f3n de los interesados con una duraci\u00f3n de 4,5 horas, por parte del docente Edgar S\u00e1nchez, con la participaci\u00f3n de 25 personas.<\/p>\n\n\n\n<p>El 22 de mayo se imparti\u00f3 formaci\u00f3n del diplomado, sobre los temas Gesti\u00f3n de la Integraci\u00f3n y Gesti\u00f3n del Alcance, con una duraci\u00f3n de 9 horas, por parte del docente Edgar S\u00e1nchez.<\/p>\n\n\n\n<p>El 28 de mayo se trat\u00f3 el tema Gesti\u00f3n de los Recursos Humanos, dentro del proceso de formaci\u00f3n del diplomado, a cargo del docente Edgar S\u00e1nchez, con una duraci\u00f3n de 4,5 horas.<\/p>\n\n\n\n<p>El 29 de mayo continu\u00f3 el proceso de formaci\u00f3n del diplomado con el tema Gesti\u00f3n de las comunicaciones, dirigida por el docente Edgar S\u00e1nchez, con una duraci\u00f3n de 4,5 horas.<\/p>\n","protected":false},"excerpt":{"rendered":"<p>Finaliza diplomado de formulaci\u00f3n de proyectos enfoque PMI EVENTO Se culmin\u00f3 en el marco del convenio 0698-14 de alcald\u00eda en Movimiento, al diplomado \u201cGesti\u00f3n de proyectos con enfoque PMI\u201d avalado por la UIS, con una intensidad de 98 horas, el cual hace parte de la formaci\u00f3n urbana a l\u00edderes comunitarios, contemplada en dicho convenio, en &hellip;<\/p>\n<p class=\"read-more\"> <a class=\"\" href=\"https:\/\/consolidar.co\/index.php\/2023\/04\/08\/finaliza-diplomado-de-formulacion-de-proyectos-enfoque-pmi\/\"> <span class=\"screen-reader-text\">Finaliza diplomado de formulaci\u00f3n de proyectos enfoque PMI<\/span> Leer m\u00e1s \u00bb<\/a><\/p>\n","protected":false},"author":1,"featured_media":1416,"comment_status":"open","ping_status":"open","sticky":false,"template":"","format":"standard","meta":{"site-sidebar-layout":"no-sidebar","site-content-layout":"plain-container","ast-global-header-display":"","ast-main-header-display":"","ast-hfb-above-header-display":"","ast-hfb-below-header-display":"","ast-hfb-mobile-header-display":"","site-post-title":"disabled","ast-breadcrumbs-content":"","ast-featured-img":"disabled","footer-sml-layout":"","theme-transparent-header-meta":"","adv-header-id-meta":"","stick-header-meta":"","header-above-stick-meta":"","header-main-stick-meta":"","header-below-stick-meta":"","_joinchat":[],"footnotes":""},"categories":[11],"tags":[],"class_list":["post-2697","post","type-post","status-publish","format-standard","has-post-thumbnail","hentry","category-eventos"],"yoast_head":"<!-- This site is optimized with the Yoast SEO plugin v20.4 - https:\/\/yoast.com\/wordpress\/plugins\/seo\/ -->\n<title>Finaliza diplomado de formulaci\u00f3n de proyectos enfoque PMI - Corporaci\u00f3n Consolidar<\/title>\n<meta name=\"robots\" content=\"index, follow, max-snippet:-1, max-image-preview:large, max-video-preview:-1\" \/>\n<link rel=\"canonical\" href=\"https:\/\/consolidar.co\/index.php\/2023\/04\/08\/finaliza-diplomado-de-formulacion-de-proyectos-enfoque-pmi\/\" \/>\n<meta property=\"og:locale\" content=\"es_ES\" \/>\n<meta property=\"og:type\" content=\"article\" \/>\n<meta property=\"og:title\" content=\"Finaliza diplomado de formulaci\u00f3n de proyectos enfoque PMI - Corporaci\u00f3n Consolidar\" \/>\n<meta property=\"og:description\" content=\"Finaliza diplomado de formulaci\u00f3n de proyectos enfoque PMI EVENTO Se culmin\u00f3 en el marco del convenio 0698-14 de alcald\u00eda en Movimiento, al diplomado \u201cGesti\u00f3n de proyectos con enfoque PMI\u201d avalado por la UIS, con una intensidad de 98 horas, el cual hace parte de la formaci\u00f3n urbana a l\u00edderes comunitarios, contemplada en dicho convenio, en &hellip; Finaliza diplomado de formulaci\u00f3n de proyectos enfoque PMI Leer m\u00e1s \u00bb\" \/>\n<meta property=\"og:url\" content=\"https:\/\/consolidar.co\/index.php\/2023\/04\/08\/finaliza-diplomado-de-formulacion-de-proyectos-enfoque-pmi\/\" \/>\n<meta property=\"og:site_name\" content=\"Corporaci\u00f3n Consolidar\" \/>\n<meta property=\"article:published_time\" content=\"2023-04-08T22:10:44+00:00\" \/>\n<meta property=\"article:modified_time\" content=\"2023-04-09T14:53:41+00:00\" \/>\n<meta property=\"og:image\" content=\"https:\/\/consolidar.co\/wp-content\/uploads\/2023\/03\/Sharebox-juny-2016-4.jpg\" \/>\n\t<meta property=\"og:image:width\" content=\"710\" \/>\n\t<meta property=\"og:image:height\" content=\"530\" \/>\n\t<meta property=\"og:image:type\" content=\"image\/jpeg\" \/>\n<meta name=\"author\" content=\"admin\" \/>\n<meta name=\"twitter:card\" content=\"summary_large_image\" \/>\n<meta name=\"twitter:label1\" content=\"Escrito por\" \/>\n\t<meta name=\"twitter:data1\" content=\"admin\" \/>\n\t<meta name=\"twitter:label2\" content=\"Tiempo de lectura\" \/>\n\t<meta name=\"twitter:data2\" content=\"2 minutos\" \/>\n<script type=\"application\/ld+json\" class=\"yoast-schema-graph\">{\"@context\":\"https:\/\/schema.org\",\"@graph\":[{\"@type\":\"Article\",\"@id\":\"https:\/\/consolidar.co\/index.php\/2023\/04\/08\/finaliza-diplomado-de-formulacion-de-proyectos-enfoque-pmi\/#article\",\"isPartOf\":{\"@id\":\"https:\/\/consolidar.co\/index.php\/2023\/04\/08\/finaliza-diplomado-de-formulacion-de-proyectos-enfoque-pmi\/\"},\"author\":{\"name\":\"admin\",\"@id\":\"https:\/\/consolidar.co\/#\/schema\/person\/0f3f57ed3ee49346098106e3054b3697\"},\"headline\":\"Finaliza diplomado de formulaci\u00f3n de proyectos enfoque PMI\",\"datePublished\":\"2023-04-08T22:10:44+00:00\",\"dateModified\":\"2023-04-09T14:53:41+00:00\",\"mainEntityOfPage\":{\"@id\":\"https:\/\/consolidar.co\/index.php\/2023\/04\/08\/finaliza-diplomado-de-formulacion-de-proyectos-enfoque-pmi\/\"},\"wordCount\":320,\"commentCount\":0,\"publisher\":{\"@id\":\"https:\/\/consolidar.co\/#organization\"},\"articleSection\":[\"Eventos\"],\"inLanguage\":\"es\",\"potentialAction\":[{\"@type\":\"CommentAction\",\"name\":\"Comment\",\"target\":[\"https:\/\/consolidar.co\/index.php\/2023\/04\/08\/finaliza-diplomado-de-formulacion-de-proyectos-enfoque-pmi\/#respond\"]}]},{\"@type\":\"WebPage\",\"@id\":\"https:\/\/consolidar.co\/index.php\/2023\/04\/08\/finaliza-diplomado-de-formulacion-de-proyectos-enfoque-pmi\/\",\"url\":\"https:\/\/consolidar.co\/index.php\/2023\/04\/08\/finaliza-diplomado-de-formulacion-de-proyectos-enfoque-pmi\/\",\"name\":\"Finaliza diplomado de formulaci\u00f3n de proyectos enfoque PMI - Corporaci\u00f3n Consolidar\",\"isPartOf\":{\"@id\":\"https:\/\/consolidar.co\/#website\"},\"datePublished\":\"2023-04-08T22:10:44+00:00\",\"dateModified\":\"2023-04-09T14:53:41+00:00\",\"breadcrumb\":{\"@id\":\"https:\/\/consolidar.co\/index.php\/2023\/04\/08\/finaliza-diplomado-de-formulacion-de-proyectos-enfoque-pmi\/#breadcrumb\"},\"inLanguage\":\"es\",\"potentialAction\":[{\"@type\":\"ReadAction\",\"target\":[\"https:\/\/consolidar.co\/index.php\/2023\/04\/08\/finaliza-diplomado-de-formulacion-de-proyectos-enfoque-pmi\/\"]}]},{\"@type\":\"BreadcrumbList\",\"@id\":\"https:\/\/consolidar.co\/index.php\/2023\/04\/08\/finaliza-diplomado-de-formulacion-de-proyectos-enfoque-pmi\/#breadcrumb\",\"itemListElement\":[{\"@type\":\"ListItem\",\"position\":1,\"name\":\"Portada\",\"item\":\"https:\/\/consolidar.co\/\"},{\"@type\":\"ListItem\",\"position\":2,\"name\":\"Finaliza diplomado de formulaci\u00f3n de proyectos enfoque PMI\"}]},{\"@type\":\"WebSite\",\"@id\":\"https:\/\/consolidar.co\/#website\",\"url\":\"https:\/\/consolidar.co\/\",\"name\":\"Corporaci\u00f3n Consolidar\",\"description\":\"\",\"publisher\":{\"@id\":\"https:\/\/consolidar.co\/#organization\"},\"potentialAction\":[{\"@type\":\"SearchAction\",\"target\":{\"@type\":\"EntryPoint\",\"urlTemplate\":\"https:\/\/consolidar.co\/?s={search_term_string}\"},\"query-input\":\"required name=search_term_string\"}],\"inLanguage\":\"es\"},{\"@type\":\"Organization\",\"@id\":\"https:\/\/consolidar.co\/#organization\",\"name\":\"Corporaci\u00f3n Consolidar\",\"url\":\"https:\/\/consolidar.co\/\",\"logo\":{\"@type\":\"ImageObject\",\"inLanguage\":\"es\",\"@id\":\"https:\/\/consolidar.co\/#\/schema\/logo\/image\/\",\"url\":\"https:\/\/consolidar.co\/wp-content\/uploads\/2023\/03\/LogoPrincipalSvg650x220.svg\",\"contentUrl\":\"https:\/\/consolidar.co\/wp-content\/uploads\/2023\/03\/LogoPrincipalSvg650x220.svg\",\"width\":650,\"height\":220,\"caption\":\"Corporaci\u00f3n Consolidar\"},\"image\":{\"@id\":\"https:\/\/consolidar.co\/#\/schema\/logo\/image\/\"}},{\"@type\":\"Person\",\"@id\":\"https:\/\/consolidar.co\/#\/schema\/person\/0f3f57ed3ee49346098106e3054b3697\",\"name\":\"admin\",\"image\":{\"@type\":\"ImageObject\",\"inLanguage\":\"es\",\"@id\":\"https:\/\/consolidar.co\/#\/schema\/person\/image\/\",\"url\":\"https:\/\/secure.gravatar.com\/avatar\/880329aa74996890aeda9d0146ca46c5fdf56e309433926d54bc09c7bfd25644?s=96&d=mm&r=g\",\"contentUrl\":\"https:\/\/secure.gravatar.com\/avatar\/880329aa74996890aeda9d0146ca46c5fdf56e309433926d54bc09c7bfd25644?s=96&d=mm&r=g\",\"caption\":\"admin\"},\"sameAs\":[\"https:\/\/consolidar.co\"],\"url\":\"https:\/\/consolidar.co\/index.php\/author\/admin_e4p69jrs\/\"}]}<\/script>\n<!-- \/ Yoast SEO plugin. -->","yoast_head_json":{"title":"Finaliza diplomado de formulaci\u00f3n de proyectos enfoque PMI - Corporaci\u00f3n Consolidar","robots":{"index":"index","follow":"follow","max-snippet":"max-snippet:-1","max-image-preview":"max-image-preview:large","max-video-preview":"max-video-preview:-1"},"canonical":"https:\/\/consolidar.co\/index.php\/2023\/04\/08\/finaliza-diplomado-de-formulacion-de-proyectos-enfoque-pmi\/","og_locale":"es_ES","og_type":"article","og_title":"Finaliza diplomado de formulaci\u00f3n de proyectos enfoque PMI - Corporaci\u00f3n Consolidar","og_description":"Finaliza diplomado de formulaci\u00f3n de proyectos enfoque PMI EVENTO Se culmin\u00f3 en el marco del convenio 0698-14 de alcald\u00eda en Movimiento, al diplomado \u201cGesti\u00f3n de proyectos con enfoque PMI\u201d avalado por la UIS, con una intensidad de 98 horas, el cual hace parte de la formaci\u00f3n urbana a l\u00edderes comunitarios, contemplada en dicho convenio, en &hellip; Finaliza diplomado de formulaci\u00f3n de proyectos enfoque PMI Leer m\u00e1s \u00bb","og_url":"https:\/\/consolidar.co\/index.php\/2023\/04\/08\/finaliza-diplomado-de-formulacion-de-proyectos-enfoque-pmi\/","og_site_name":"Corporaci\u00f3n Consolidar","article_published_time":"2023-04-08T22:10:44+00:00","article_modified_time":"2023-04-09T14:53:41+00:00","og_image":[{"width":710,"height":530,"url":"https:\/\/consolidar.co\/wp-content\/uploads\/2023\/03\/Sharebox-juny-2016-4.jpg","type":"image\/jpeg"}],"author":"admin","twitter_card":"summary_large_image","twitter_misc":{"Escrito por":"admin","Tiempo de lectura":"2 minutos"},"schema":{"@context":"https:\/\/schema.org","@graph":[{"@type":"Article","@id":"https:\/\/consolidar.co\/index.php\/2023\/04\/08\/finaliza-diplomado-de-formulacion-de-proyectos-enfoque-pmi\/#article","isPartOf":{"@id":"https:\/\/consolidar.co\/index.php\/2023\/04\/08\/finaliza-diplomado-de-formulacion-de-proyectos-enfoque-pmi\/"},"author":{"name":"admin","@id":"https:\/\/consolidar.co\/#\/schema\/person\/0f3f57ed3ee49346098106e3054b3697"},"headline":"Finaliza diplomado de formulaci\u00f3n de proyectos enfoque PMI","datePublished":"2023-04-08T22:10:44+00:00","dateModified":"2023-04-09T14:53:41+00:00","mainEntityOfPage":{"@id":"https:\/\/consolidar.co\/index.php\/2023\/04\/08\/finaliza-diplomado-de-formulacion-de-proyectos-enfoque-pmi\/"},"wordCount":320,"commentCount":0,"publisher":{"@id":"https:\/\/consolidar.co\/#organization"},"articleSection":["Eventos"],"inLanguage":"es","potentialAction":[{"@type":"CommentAction","name":"Comment","target":["https:\/\/consolidar.co\/index.php\/2023\/04\/08\/finaliza-diplomado-de-formulacion-de-proyectos-enfoque-pmi\/#respond"]}]},{"@type":"WebPage","@id":"https:\/\/consolidar.co\/index.php\/2023\/04\/08\/finaliza-diplomado-de-formulacion-de-proyectos-enfoque-pmi\/","url":"https:\/\/consolidar.co\/index.php\/2023\/04\/08\/finaliza-diplomado-de-formulacion-de-proyectos-enfoque-pmi\/","name":"Finaliza diplomado de formulaci\u00f3n de proyectos enfoque PMI - Corporaci\u00f3n Consolidar","isPartOf":{"@id":"https:\/\/consolidar.co\/#website"},"datePublished":"2023-04-08T22:10:44+00:00","dateModified":"2023-04-09T14:53:41+00:00","breadcrumb":{"@id":"https:\/\/consolidar.co\/index.php\/2023\/04\/08\/finaliza-diplomado-de-formulacion-de-proyectos-enfoque-pmi\/#breadcrumb"},"inLanguage":"es","potentialAction":[{"@type":"ReadAction","target":["https:\/\/consolidar.co\/index.php\/2023\/04\/08\/finaliza-diplomado-de-formulacion-de-proyectos-enfoque-pmi\/"]}]},{"@type":"BreadcrumbList","@id":"https:\/\/consolidar.co\/index.php\/2023\/04\/08\/finaliza-diplomado-de-formulacion-de-proyectos-enfoque-pmi\/#breadcrumb","itemListElement":[{"@type":"ListItem","position":1,"name":"Portada","item":"https:\/\/consolidar.co\/"},{"@type":"ListItem","position":2,"name":"Finaliza diplomado de formulaci\u00f3n de proyectos enfoque PMI"}]},{"@type":"WebSite","@id":"https:\/\/consolidar.co\/#website","url":"https:\/\/consolidar.co\/","name":"Corporaci\u00f3n Consolidar","description":"","publisher":{"@id":"https:\/\/consolidar.co\/#organization"},"potentialAction":[{"@type":"SearchAction","target":{"@type":"EntryPoint","urlTemplate":"https:\/\/consolidar.co\/?s={search_term_string}"},"query-input":"required name=search_term_string"}],"inLanguage":"es"},{"@type":"Organization","@id":"https:\/\/consolidar.co\/#organization","name":"Corporaci\u00f3n Consolidar","url":"https:\/\/consolidar.co\/","logo":{"@type":"ImageObject","inLanguage":"es","@id":"https:\/\/consolidar.co\/#\/schema\/logo\/image\/","url":"https:\/\/consolidar.co\/wp-content\/uploads\/2023\/03\/LogoPrincipalSvg650x220.svg","contentUrl":"https:\/\/consolidar.co\/wp-content\/uploads\/2023\/03\/LogoPrincipalSvg650x220.svg","width":650,"height":220,"caption":"Corporaci\u00f3n Consolidar"},"image":{"@id":"https:\/\/consolidar.co\/#\/schema\/logo\/image\/"}},{"@type":"Person","@id":"https:\/\/consolidar.co\/#\/schema\/person\/0f3f57ed3ee49346098106e3054b3697","name":"admin","image":{"@type":"ImageObject","inLanguage":"es","@id":"https:\/\/consolidar.co\/#\/schema\/person\/image\/","url":"https:\/\/secure.gravatar.com\/avatar\/880329aa74996890aeda9d0146ca46c5fdf56e309433926d54bc09c7bfd25644?s=96&d=mm&r=g","contentUrl":"https:\/\/secure.gravatar.com\/avatar\/880329aa74996890aeda9d0146ca46c5fdf56e309433926d54bc09c7bfd25644?s=96&d=mm&r=g","caption":"admin"},"sameAs":["https:\/\/consolidar.co"],"url":"https:\/\/consolidar.co\/index.php\/author\/admin_e4p69jrs\/"}]}},"_links":{"self":[{"href":"https:\/\/consolidar.co\/index.php\/wp-json\/wp\/v2\/posts\/2697","targetHints":{"allow":["GET"]}}],"collection":[{"href":"https:\/\/consolidar.co\/index.php\/wp-json\/wp\/v2\/posts"}],"about":[{"href":"https:\/\/consolidar.co\/index.php\/wp-json\/wp\/v2\/types\/post"}],"author":[{"embeddable":true,"href":"https:\/\/consolidar.co\/index.php\/wp-json\/wp\/v2\/users\/1"}],"replies":[{"embeddable":true,"href":"https:\/\/consolidar.co\/index.php\/wp-json\/wp\/v2\/comments?post=2697"}],"version-history":[{"count":2,"href":"https:\/\/consolidar.co\/index.php\/wp-json\/wp\/v2\/posts\/2697\/revisions"}],"predecessor-version":[{"id":2711,"href":"https:\/\/consolidar.co\/index.php\/wp-json\/wp\/v2\/posts\/2697\/revisions\/2711"}],"wp:featuredmedia":[{"embeddable":true,"href":"https:\/\/consolidar.co\/index.php\/wp-json\/wp\/v2\/media\/1416"}],"wp:attachment":[{"href":"https:\/\/consolidar.co\/index.php\/wp-json\/wp\/v2\/media?parent=2697"}],"wp:term":[{"taxonomy":"category","embeddable":true,"href":"https:\/\/consolidar.co\/index.php\/wp-json\/wp\/v2\/categories?post=2697"},{"taxonomy":"post_tag","embeddable":true,"href":"https:\/\/consolidar.co\/index.php\/wp-json\/wp\/v2\/tags?post=2697"}],"curies":[{"name":"wp","href":"https:\/\/api.w.org\/{rel}","templated":true}]}}