{"id":1985,"date":"2023-03-31T16:31:33","date_gmt":"2023-03-31T16:31:33","guid":{"rendered":"https:\/\/consolidar.co\/?p=1985"},"modified":"2023-03-31T16:56:44","modified_gmt":"2023-03-31T16:56:44","slug":"abiertas-las-inscripciones-en-el-itc","status":"publish","type":"post","link":"https:\/\/consolidar.co\/index.php\/2023\/03\/31\/abiertas-las-inscripciones-en-el-itc\/","title":{"rendered":"Abiertas las inscripciones en el ITC"},"content":{"rendered":"\n<div style=\"height:150px\" aria-hidden=\"true\" class=\"wp-block-spacer\"><\/div>\n\n\n\n<p>NOTICIAS ITC<\/p>\n\n\n\n<div style=\"height:20px\" aria-hidden=\"true\" class=\"wp-block-spacer\"><\/div>\n\n\n\n<h2 class=\"wp-block-heading has-ast-global-color-0-color has-text-color\" style=\"font-size:5em;font-style:normal;font-weight:600\">Abiertas las inscripciones en el ITC<\/h2>\n\n\n\n<div style=\"height:20px\" aria-hidden=\"true\" class=\"wp-block-spacer\"><\/div>\n\n\n\n<p class=\"has-ast-global-color-0-color has-text-color\" style=\"font-size:1.5em\"><strong>|<\/strong> Capacitaci\u00f3n t\u00e9cnica laboral al alcance de todos. <strong>|<\/strong><\/p>\n\n\n\n<div style=\"height:60px\" aria-hidden=\"true\" class=\"wp-block-spacer\"><\/div>\n\n\n\n<p>El Instituto T\u00e9cnico Consolidar ITC abre inscripciones para 3 programas t\u00e9cnicos laborales bajo la modalidad presencial, el valor para este semestre es totalmente subsidiado, el interesado solo invierte $100.000 por concepto de inscripci\u00f3n. Los programas t\u00e9cnicos son:<\/p>\n\n\n\n<div style=\"height:41px\" aria-hidden=\"true\" class=\"wp-block-spacer\"><\/div>\n\n\n\n<p style=\"font-size:2em\"><strong>T\u00e9cnico laboral en Asistencia Social y Comunitaria.<\/strong><\/p>\n\n\n\n<div style=\"height:40px\" aria-hidden=\"true\" class=\"wp-block-spacer\"><\/div>\n\n\n\n<figure class=\"wp-block-image aligncenter size-medium is-resized has-custom-border\"><img loading=\"lazy\" decoding=\"async\" src=\"https:\/\/consolidar.co\/wp-content\/uploads\/2023\/03\/TECNICO_ASYC-300x150.jpeg\" alt=\"\" class=\"has-border-color has-ast-global-color-3-border-color wp-image-1988\" style=\"border-width:5px;border-radius:5px\" width=\"584\" height=\"297\"\/><\/figure>\n\n\n\n<div style=\"height:40px\" aria-hidden=\"true\" class=\"wp-block-spacer\"><\/div>\n\n\n\n<p style=\"font-size:2em\"><strong>T\u00e9cnico laboral en Hogar Geri\u00e1trico.<\/strong><\/p>\n\n\n\n<div style=\"height:40px\" aria-hidden=\"true\" class=\"wp-block-spacer\"><\/div>\n\n\n\n<figure class=\"wp-block-image aligncenter size-medium is-resized has-custom-border\"><img loading=\"lazy\" decoding=\"async\" src=\"https:\/\/consolidar.co\/wp-content\/uploads\/2023\/03\/TECNICO_HOGAR_GERIATRICO-300x202.jpeg\" alt=\"\" class=\"has-border-color has-ast-global-color-3-border-color wp-image-1987\" style=\"border-width:5px;border-radius:5px\" width=\"584\" height=\"345\"\/><\/figure>\n\n\n\n<div style=\"height:40px\" aria-hidden=\"true\" class=\"wp-block-spacer\"><\/div>\n\n\n\n<p style=\"font-size:2em\"><strong>T\u00e9cnico laboral en Operario de M\u00e1quinas de Confecci\u00f3n.<\/strong><\/p>\n\n\n\n<div style=\"height:40px\" aria-hidden=\"true\" class=\"wp-block-spacer\"><\/div>\n\n\n\n<figure class=\"wp-block-image aligncenter size-medium is-resized has-custom-border\"><img loading=\"lazy\" decoding=\"async\" src=\"https:\/\/consolidar.co\/wp-content\/uploads\/2023\/03\/TECNICO_CONFECCION-198x300.jpeg\" alt=\"\" class=\"has-border-color has-ast-global-color-7-border-color wp-image-1986\" style=\"border-width:5px;border-radius:5px\" width=\"360\" height=\"541\"\/><\/figure>\n\n\n\n<div style=\"height:40px\" aria-hidden=\"true\" class=\"wp-block-spacer\"><\/div>\n\n\n\n<p>Los docentes son personas con m\u00e1s de 10 a\u00f1os de experiencia en la profesi\u00f3n docente. Para inscribirse solo necesita:<\/p>\n\n\n\n<ul class=\"wp-block-list\">\n<li>Copia del documento de identidad<\/li>\n\n\n\n<li>Tener m\u00e1s de 16 a\u00f1os<\/li>\n\n\n\n<li>Haber cursado por lo menos noveno grado de bachillerato<\/li>\n\n\n\n<li>Inscribirse en la p\u00e1gina web:&nbsp;<a href=\"https:\/\/consolidar.edu.co\/\" target=\"_blank\" rel=\"noreferrer noopener\">https:\/\/consolidar.edu.co<\/a><\/li>\n\n\n\n<li>Cancelar $100.000 por concepto de inscripci\u00f3n v\u00eda Nequi al 316-307-5160<\/li>\n\n\n\n<li>Enviar constancia de pago al Whatsapp 316-307-5160<\/li>\n<\/ul>\n\n\n\n<div style=\"height:100px\" aria-hidden=\"true\" class=\"wp-block-spacer\"><\/div>\n","protected":false},"excerpt":{"rendered":"<p>NOTICIAS ITC Abiertas las inscripciones en el ITC | Capacitaci\u00f3n t\u00e9cnica laboral al alcance de todos. | El Instituto T\u00e9cnico Consolidar ITC abre inscripciones para 3 programas t\u00e9cnicos laborales bajo la modalidad presencial, el valor para este semestre es totalmente subsidiado, el interesado solo invierte $100.000 por concepto de inscripci\u00f3n. Los programas t\u00e9cnicos son: T\u00e9cnico &hellip;<\/p>\n<p class=\"read-more\"> <a class=\"\" href=\"https:\/\/consolidar.co\/index.php\/2023\/03\/31\/abiertas-las-inscripciones-en-el-itc\/\"> <span class=\"screen-reader-text\">Abiertas las inscripciones en el ITC<\/span> Leer m\u00e1s \u00bb<\/a><\/p>\n","protected":false},"author":1,"featured_media":1987,"comment_status":"open","ping_status":"open","sticky":false,"template":"","format":"standard","meta":{"site-sidebar-layout":"no-sidebar","site-content-layout":"plain-container","ast-global-header-display":"","ast-main-header-display":"","ast-hfb-above-header-display":"","ast-hfb-below-header-display":"","ast-hfb-mobile-header-display":"","site-post-title":"disabled","ast-breadcrumbs-content":"","ast-featured-img":"disabled","footer-sml-layout":"","theme-transparent-header-meta":"","adv-header-id-meta":"","stick-header-meta":"","header-above-stick-meta":"","header-main-stick-meta":"","header-below-stick-meta":"","_joinchat":[],"footnotes":""},"categories":[25],"tags":[],"class_list":["post-1985","post","type-post","status-publish","format-standard","has-post-thumbnail","hentry","category-itc"],"yoast_head":"<!-- This site is optimized with the Yoast SEO plugin v20.4 - https:\/\/yoast.com\/wordpress\/plugins\/seo\/ -->\n<title>Abiertas las inscripciones en el ITC - Corporaci\u00f3n Consolidar<\/title>\n<meta name=\"robots\" content=\"index, follow, max-snippet:-1, max-image-preview:large, max-video-preview:-1\" \/>\n<link rel=\"canonical\" href=\"https:\/\/consolidar.co\/index.php\/2023\/03\/31\/abiertas-las-inscripciones-en-el-itc\/\" \/>\n<meta property=\"og:locale\" content=\"es_ES\" \/>\n<meta property=\"og:type\" content=\"article\" \/>\n<meta property=\"og:title\" content=\"Abiertas las inscripciones en el ITC - Corporaci\u00f3n Consolidar\" \/>\n<meta property=\"og:description\" content=\"NOTICIAS ITC Abiertas las inscripciones en el ITC | Capacitaci\u00f3n t\u00e9cnica laboral al alcance de todos. | El Instituto T\u00e9cnico Consolidar ITC abre inscripciones para 3 programas t\u00e9cnicos laborales bajo la modalidad presencial, el valor para este semestre es totalmente subsidiado, el interesado solo invierte $100.000 por concepto de inscripci\u00f3n. Los programas t\u00e9cnicos son: T\u00e9cnico &hellip; Abiertas las inscripciones en el ITC Leer m\u00e1s \u00bb\" \/>\n<meta property=\"og:url\" content=\"https:\/\/consolidar.co\/index.php\/2023\/03\/31\/abiertas-las-inscripciones-en-el-itc\/\" \/>\n<meta property=\"og:site_name\" content=\"Corporaci\u00f3n Consolidar\" \/>\n<meta property=\"article:published_time\" content=\"2023-03-31T16:31:33+00:00\" \/>\n<meta property=\"article:modified_time\" content=\"2023-03-31T16:56:44+00:00\" \/>\n<meta property=\"og:image\" content=\"https:\/\/consolidar.co\/wp-content\/uploads\/2023\/03\/TECNICO_HOGAR_GERIATRICO.jpeg\" \/>\n\t<meta property=\"og:image:width\" content=\"1067\" \/>\n\t<meta property=\"og:image:height\" content=\"719\" \/>\n\t<meta property=\"og:image:type\" content=\"image\/jpeg\" \/>\n<meta name=\"author\" content=\"admin\" \/>\n<meta name=\"twitter:card\" content=\"summary_large_image\" \/>\n<meta name=\"twitter:label1\" content=\"Escrito por\" \/>\n\t<meta name=\"twitter:data1\" content=\"admin\" \/>\n\t<meta name=\"twitter:label2\" content=\"Tiempo de lectura\" \/>\n\t<meta name=\"twitter:data2\" content=\"2 minutos\" \/>\n<script type=\"application\/ld+json\" class=\"yoast-schema-graph\">{\"@context\":\"https:\/\/schema.org\",\"@graph\":[{\"@type\":\"Article\",\"@id\":\"https:\/\/consolidar.co\/index.php\/2023\/03\/31\/abiertas-las-inscripciones-en-el-itc\/#article\",\"isPartOf\":{\"@id\":\"https:\/\/consolidar.co\/index.php\/2023\/03\/31\/abiertas-las-inscripciones-en-el-itc\/\"},\"author\":{\"name\":\"admin\",\"@id\":\"https:\/\/consolidar.co\/#\/schema\/person\/0f3f57ed3ee49346098106e3054b3697\"},\"headline\":\"Abiertas las inscripciones en el ITC\",\"datePublished\":\"2023-03-31T16:31:33+00:00\",\"dateModified\":\"2023-03-31T16:56:44+00:00\",\"mainEntityOfPage\":{\"@id\":\"https:\/\/consolidar.co\/index.php\/2023\/03\/31\/abiertas-las-inscripciones-en-el-itc\/\"},\"wordCount\":160,\"commentCount\":0,\"publisher\":{\"@id\":\"https:\/\/consolidar.co\/#organization\"},\"articleSection\":[\"ITC\"],\"inLanguage\":\"es\",\"potentialAction\":[{\"@type\":\"CommentAction\",\"name\":\"Comment\",\"target\":[\"https:\/\/consolidar.co\/index.php\/2023\/03\/31\/abiertas-las-inscripciones-en-el-itc\/#respond\"]}]},{\"@type\":\"WebPage\",\"@id\":\"https:\/\/consolidar.co\/index.php\/2023\/03\/31\/abiertas-las-inscripciones-en-el-itc\/\",\"url\":\"https:\/\/consolidar.co\/index.php\/2023\/03\/31\/abiertas-las-inscripciones-en-el-itc\/\",\"name\":\"Abiertas las inscripciones en el ITC - Corporaci\u00f3n Consolidar\",\"isPartOf\":{\"@id\":\"https:\/\/consolidar.co\/#website\"},\"datePublished\":\"2023-03-31T16:31:33+00:00\",\"dateModified\":\"2023-03-31T16:56:44+00:00\",\"breadcrumb\":{\"@id\":\"https:\/\/consolidar.co\/index.php\/2023\/03\/31\/abiertas-las-inscripciones-en-el-itc\/#breadcrumb\"},\"inLanguage\":\"es\",\"potentialAction\":[{\"@type\":\"ReadAction\",\"target\":[\"https:\/\/consolidar.co\/index.php\/2023\/03\/31\/abiertas-las-inscripciones-en-el-itc\/\"]}]},{\"@type\":\"BreadcrumbList\",\"@id\":\"https:\/\/consolidar.co\/index.php\/2023\/03\/31\/abiertas-las-inscripciones-en-el-itc\/#breadcrumb\",\"itemListElement\":[{\"@type\":\"ListItem\",\"position\":1,\"name\":\"Portada\",\"item\":\"https:\/\/consolidar.co\/\"},{\"@type\":\"ListItem\",\"position\":2,\"name\":\"Abiertas las inscripciones en el ITC\"}]},{\"@type\":\"WebSite\",\"@id\":\"https:\/\/consolidar.co\/#website\",\"url\":\"https:\/\/consolidar.co\/\",\"name\":\"Corporaci\u00f3n Consolidar\",\"description\":\"\",\"publisher\":{\"@id\":\"https:\/\/consolidar.co\/#organization\"},\"potentialAction\":[{\"@type\":\"SearchAction\",\"target\":{\"@type\":\"EntryPoint\",\"urlTemplate\":\"https:\/\/consolidar.co\/?s={search_term_string}\"},\"query-input\":\"required name=search_term_string\"}],\"inLanguage\":\"es\"},{\"@type\":\"Organization\",\"@id\":\"https:\/\/consolidar.co\/#organization\",\"name\":\"Corporaci\u00f3n Consolidar\",\"url\":\"https:\/\/consolidar.co\/\",\"logo\":{\"@type\":\"ImageObject\",\"inLanguage\":\"es\",\"@id\":\"https:\/\/consolidar.co\/#\/schema\/logo\/image\/\",\"url\":\"https:\/\/consolidar.co\/wp-content\/uploads\/2023\/03\/LogoPrincipalSvg650x220.svg\",\"contentUrl\":\"https:\/\/consolidar.co\/wp-content\/uploads\/2023\/03\/LogoPrincipalSvg650x220.svg\",\"width\":650,\"height\":220,\"caption\":\"Corporaci\u00f3n Consolidar\"},\"image\":{\"@id\":\"https:\/\/consolidar.co\/#\/schema\/logo\/image\/\"}},{\"@type\":\"Person\",\"@id\":\"https:\/\/consolidar.co\/#\/schema\/person\/0f3f57ed3ee49346098106e3054b3697\",\"name\":\"admin\",\"image\":{\"@type\":\"ImageObject\",\"inLanguage\":\"es\",\"@id\":\"https:\/\/consolidar.co\/#\/schema\/person\/image\/\",\"url\":\"https:\/\/secure.gravatar.com\/avatar\/880329aa74996890aeda9d0146ca46c5fdf56e309433926d54bc09c7bfd25644?s=96&d=mm&r=g\",\"contentUrl\":\"https:\/\/secure.gravatar.com\/avatar\/880329aa74996890aeda9d0146ca46c5fdf56e309433926d54bc09c7bfd25644?s=96&d=mm&r=g\",\"caption\":\"admin\"},\"sameAs\":[\"https:\/\/consolidar.co\"],\"url\":\"https:\/\/consolidar.co\/index.php\/author\/admin_e4p69jrs\/\"}]}<\/script>\n<!-- \/ Yoast SEO plugin. -->","yoast_head_json":{"title":"Abiertas las inscripciones en el ITC - Corporaci\u00f3n Consolidar","robots":{"index":"index","follow":"follow","max-snippet":"max-snippet:-1","max-image-preview":"max-image-preview:large","max-video-preview":"max-video-preview:-1"},"canonical":"https:\/\/consolidar.co\/index.php\/2023\/03\/31\/abiertas-las-inscripciones-en-el-itc\/","og_locale":"es_ES","og_type":"article","og_title":"Abiertas las inscripciones en el ITC - Corporaci\u00f3n Consolidar","og_description":"NOTICIAS ITC Abiertas las inscripciones en el ITC | Capacitaci\u00f3n t\u00e9cnica laboral al alcance de todos. | El Instituto T\u00e9cnico Consolidar ITC abre inscripciones para 3 programas t\u00e9cnicos laborales bajo la modalidad presencial, el valor para este semestre es totalmente subsidiado, el interesado solo invierte $100.000 por concepto de inscripci\u00f3n. Los programas t\u00e9cnicos son: T\u00e9cnico &hellip; Abiertas las inscripciones en el ITC Leer m\u00e1s \u00bb","og_url":"https:\/\/consolidar.co\/index.php\/2023\/03\/31\/abiertas-las-inscripciones-en-el-itc\/","og_site_name":"Corporaci\u00f3n Consolidar","article_published_time":"2023-03-31T16:31:33+00:00","article_modified_time":"2023-03-31T16:56:44+00:00","og_image":[{"width":1067,"height":719,"url":"https:\/\/consolidar.co\/wp-content\/uploads\/2023\/03\/TECNICO_HOGAR_GERIATRICO.jpeg","type":"image\/jpeg"}],"author":"admin","twitter_card":"summary_large_image","twitter_misc":{"Escrito por":"admin","Tiempo de lectura":"2 minutos"},"schema":{"@context":"https:\/\/schema.org","@graph":[{"@type":"Article","@id":"https:\/\/consolidar.co\/index.php\/2023\/03\/31\/abiertas-las-inscripciones-en-el-itc\/#article","isPartOf":{"@id":"https:\/\/consolidar.co\/index.php\/2023\/03\/31\/abiertas-las-inscripciones-en-el-itc\/"},"author":{"name":"admin","@id":"https:\/\/consolidar.co\/#\/schema\/person\/0f3f57ed3ee49346098106e3054b3697"},"headline":"Abiertas las inscripciones en el ITC","datePublished":"2023-03-31T16:31:33+00:00","dateModified":"2023-03-31T16:56:44+00:00","mainEntityOfPage":{"@id":"https:\/\/consolidar.co\/index.php\/2023\/03\/31\/abiertas-las-inscripciones-en-el-itc\/"},"wordCount":160,"commentCount":0,"publisher":{"@id":"https:\/\/consolidar.co\/#organization"},"articleSection":["ITC"],"inLanguage":"es","potentialAction":[{"@type":"CommentAction","name":"Comment","target":["https:\/\/consolidar.co\/index.php\/2023\/03\/31\/abiertas-las-inscripciones-en-el-itc\/#respond"]}]},{"@type":"WebPage","@id":"https:\/\/consolidar.co\/index.php\/2023\/03\/31\/abiertas-las-inscripciones-en-el-itc\/","url":"https:\/\/consolidar.co\/index.php\/2023\/03\/31\/abiertas-las-inscripciones-en-el-itc\/","name":"Abiertas las inscripciones en el ITC - Corporaci\u00f3n Consolidar","isPartOf":{"@id":"https:\/\/consolidar.co\/#website"},"datePublished":"2023-03-31T16:31:33+00:00","dateModified":"2023-03-31T16:56:44+00:00","breadcrumb":{"@id":"https:\/\/consolidar.co\/index.php\/2023\/03\/31\/abiertas-las-inscripciones-en-el-itc\/#breadcrumb"},"inLanguage":"es","potentialAction":[{"@type":"ReadAction","target":["https:\/\/consolidar.co\/index.php\/2023\/03\/31\/abiertas-las-inscripciones-en-el-itc\/"]}]},{"@type":"BreadcrumbList","@id":"https:\/\/consolidar.co\/index.php\/2023\/03\/31\/abiertas-las-inscripciones-en-el-itc\/#breadcrumb","itemListElement":[{"@type":"ListItem","position":1,"name":"Portada","item":"https:\/\/consolidar.co\/"},{"@type":"ListItem","position":2,"name":"Abiertas las inscripciones en el ITC"}]},{"@type":"WebSite","@id":"https:\/\/consolidar.co\/#website","url":"https:\/\/consolidar.co\/","name":"Corporaci\u00f3n Consolidar","description":"","publisher":{"@id":"https:\/\/consolidar.co\/#organization"},"potentialAction":[{"@type":"SearchAction","target":{"@type":"EntryPoint","urlTemplate":"https:\/\/consolidar.co\/?s={search_term_string}"},"query-input":"required name=search_term_string"}],"inLanguage":"es"},{"@type":"Organization","@id":"https:\/\/consolidar.co\/#organization","name":"Corporaci\u00f3n Consolidar","url":"https:\/\/consolidar.co\/","logo":{"@type":"ImageObject","inLanguage":"es","@id":"https:\/\/consolidar.co\/#\/schema\/logo\/image\/","url":"https:\/\/consolidar.co\/wp-content\/uploads\/2023\/03\/LogoPrincipalSvg650x220.svg","contentUrl":"https:\/\/consolidar.co\/wp-content\/uploads\/2023\/03\/LogoPrincipalSvg650x220.svg","width":650,"height":220,"caption":"Corporaci\u00f3n Consolidar"},"image":{"@id":"https:\/\/consolidar.co\/#\/schema\/logo\/image\/"}},{"@type":"Person","@id":"https:\/\/consolidar.co\/#\/schema\/person\/0f3f57ed3ee49346098106e3054b3697","name":"admin","image":{"@type":"ImageObject","inLanguage":"es","@id":"https:\/\/consolidar.co\/#\/schema\/person\/image\/","url":"https:\/\/secure.gravatar.com\/avatar\/880329aa74996890aeda9d0146ca46c5fdf56e309433926d54bc09c7bfd25644?s=96&d=mm&r=g","contentUrl":"https:\/\/secure.gravatar.com\/avatar\/880329aa74996890aeda9d0146ca46c5fdf56e309433926d54bc09c7bfd25644?s=96&d=mm&r=g","caption":"admin"},"sameAs":["https:\/\/consolidar.co"],"url":"https:\/\/consolidar.co\/index.php\/author\/admin_e4p69jrs\/"}]}},"_links":{"self":[{"href":"https:\/\/consolidar.co\/index.php\/wp-json\/wp\/v2\/posts\/1985","targetHints":{"allow":["GET"]}}],"collection":[{"href":"https:\/\/consolidar.co\/index.php\/wp-json\/wp\/v2\/posts"}],"about":[{"href":"https:\/\/consolidar.co\/index.php\/wp-json\/wp\/v2\/types\/post"}],"author":[{"embeddable":true,"href":"https:\/\/consolidar.co\/index.php\/wp-json\/wp\/v2\/users\/1"}],"replies":[{"embeddable":true,"href":"https:\/\/consolidar.co\/index.php\/wp-json\/wp\/v2\/comments?post=1985"}],"version-history":[{"count":11,"href":"https:\/\/consolidar.co\/index.php\/wp-json\/wp\/v2\/posts\/1985\/revisions"}],"predecessor-version":[{"id":2006,"href":"https:\/\/consolidar.co\/index.php\/wp-json\/wp\/v2\/posts\/1985\/revisions\/2006"}],"wp:featuredmedia":[{"embeddable":true,"href":"https:\/\/consolidar.co\/index.php\/wp-json\/wp\/v2\/media\/1987"}],"wp:attachment":[{"href":"https:\/\/consolidar.co\/index.php\/wp-json\/wp\/v2\/media?parent=1985"}],"wp:term":[{"taxonomy":"category","embeddable":true,"href":"https:\/\/consolidar.co\/index.php\/wp-json\/wp\/v2\/categories?post=1985"},{"taxonomy":"post_tag","embeddable":true,"href":"https:\/\/consolidar.co\/index.php\/wp-json\/wp\/v2\/tags?post=1985"}],"curies":[{"name":"wp","href":"https:\/\/api.w.org\/{rel}","templated":true}]}}